{"id":10294,"date":"2017-01-18T00:07:16","date_gmt":"2017-01-17T22:07:16","guid":{"rendered":"http:\/\/www.worldofart.org\/aktualno\/?p=10294"},"modified":"2018-07-17T08:50:43","modified_gmt":"2018-07-17T06:50:43","slug":"daniel-morgenthaler-kuratorstvo-koratorstvo","status":"publish","type":"post","link":"https:\/\/www.worldofart.org\/arhiv.worldofart.org\/aktualno\/archives\/10294","title":{"rendered":"Daniel Morgenthaler: Kuratorstvo? Koratorstvo!"},"content":{"rendered":"<p>Svet umetnosti | \u0160ola za kuratorske prakse in kriti\u0161ko pisanje | Leto 16<br \/>\nNiz javnih predavanj<\/p>\n<p><strong>\u010cetrtek, 9. februar 2017, ob 18. uri<\/strong><br \/>\nProjektna soba SCCA, Metelkova 6, Ljubljana<\/p>\n<hr \/>\n<p><iframe loading=\"lazy\" src=\"https:\/\/www.youtube-nocookie.com\/embed\/bzbxfTlWjT8?rel=0\" width=\"707\" height=\"398\" frameborder=\"0\" allowfullscreen=\"allowfullscreen\"><\/iframe><\/p>\n<hr \/>\n<p>V \u010detrtek, 9. februarja 2017, vas ob 18. uri vljudno vabimo v Projektno sobo SCCA na predavanje <em>Kuratorstvo? Koratorstvo!<\/em> \u0161vicarskega kuratorja in pisca <strong>Daniela Morgenthalerja<\/strong>.<\/p>\n<p><strong>O predavanju<\/strong><\/p>\n<p>Da bi si bolje zapomnili svoje govore, so anti\u010dni gr\u0161ki in rimski govorniki posamezne dele govora naselili v razli\u010dne sobe imaginarne ali obstoje\u010de arhitekture. Medtem ko so govorili, so se po\u010dasi premikali skozi nami\u0161ljeno arhitekturo (podobno kot pri sprehodu po digitalnih arhitekturah ra\u010dunalni\u0161kih iger), med potjo so razbirali vsebino in korakali proti izhodu \u2013 sklepu svojega govora. Kuratorji obi\u010dajno ne delujemo znotraj nami\u0161ljenih arhitektur, kve\u010djemu digitalnih. Pa vendar morda obstajajo paralele med na\u010dinom priprave na govor po metodi <em>loci<\/em> in organizacijo razstave v med sabo slede\u010dih si sobah razstavnega prostora. Na ta na\u010din je tudi pripravo razstav mogo\u010de razumeti kot svojevrstno mnemotehniko, se pravi postavljanja vsebin v razli\u010dne sobe skladno z logiko ali retoriko posameznih tem.<\/p>\n<p>\u010cesa se lahko kuratorji in kuratorke nau\u010dijo od govornikov, tako anti\u010dnih kot sodobnih? Ali so morda razstave sodobne umetnosti bolj kot orodje memoriranja, ki je vsekakor predmet histori\u010dnih muzejev, v resnici orodje mnemoriranja? So razstave prostor razmi\u0161ljanja o umetnosti, premisleka o umetnosti s tendencami po memoriranju? Literarno teorijo (pre)pogosto apliciramo na podro\u010dje umetnosti. Lahko omenjene principe retorike apliciramo tudi na kuriranje? Na predavanju bo Daniel Morgenthaler o teh in podobnih vpra\u0161anjih razpravljal glede na kontekst svojih preteklih in prihodnjih razstav razstavnega prizori\u0161\u010da Helmhaus Z\u00fcrich.<\/p>\n<p>&nbsp;<\/p>\n<figure id=\"attachment_10299\" aria-describedby=\"caption-attachment-10299\" style=\"width: 707px\" class=\"wp-caption alignnone\"><img loading=\"lazy\" decoding=\"async\" class=\"wp-image-10299 \" src=\"https:\/\/www.worldofart.org\/arhiv.worldofart.org\/aktualno\/wp-content\/uploads\/2017\/01\/Mediengruppe-Bitnik_Delivery-for-Mr.Assange-875x584.jpg\" width=\"707\" height=\"472\" srcset=\"https:\/\/www.worldofart.org\/arhiv.worldofart.org\/aktualno\/wp-content\/uploads\/2017\/01\/Mediengruppe-Bitnik_Delivery-for-Mr.Assange-875x584.jpg 875w, https:\/\/www.worldofart.org\/arhiv.worldofart.org\/aktualno\/wp-content\/uploads\/2017\/01\/Mediengruppe-Bitnik_Delivery-for-Mr.Assange-300x200.jpg 300w, https:\/\/www.worldofart.org\/arhiv.worldofart.org\/aktualno\/wp-content\/uploads\/2017\/01\/Mediengruppe-Bitnik_Delivery-for-Mr.Assange-768x512.jpg 768w, https:\/\/www.worldofart.org\/arhiv.worldofart.org\/aktualno\/wp-content\/uploads\/2017\/01\/Mediengruppe-Bitnik_Delivery-for-Mr.Assange.jpg 1000w\" sizes=\"(max-width: 707px) 100vw, 707px\" \/><figcaption id=\"caption-attachment-10299\" class=\"wp-caption-text\">!Mediengruppe Bitnik, Dostava za g. Assanga, Helmhaus Z\u00fcrich, 2014 Replika pisarne Juliana Assanga na ekvadorski ambasadi v Londonu. Foto: FBM Studio.<\/figcaption><\/figure>\n<hr \/>\n<p><img loading=\"lazy\" decoding=\"async\" class=\"alignleft size-full wp-image-10296\" title=\"Daniel Morgenthaler. Foto: Raisa Durandi.\" src=\"https:\/\/www.worldofart.org\/arhiv.worldofart.org\/aktualno\/wp-content\/uploads\/2017\/01\/Daniel-Morgenthaler.jpg\" alt=\"Daniel Morgenthaler. Foto: Raisa Durandi.\" width=\"100\" height=\"100\" \/><strong>Daniel Morgenthaler<\/strong> (1978) je v Z\u00fcrichu in Sheffieldu \u0161tudiral angle\u0161\u010dino, nem\u0161\u010dino in filozofijo. Od leta 2011 je kot kurator zaposlen v Helmhaus Z\u00fcrich, kjer je med drugim kuriral razstave <em>Talk to the Hand <\/em>(2013), <em>!Mediengruppe Bitnik \u2013 Delivery for Mr. Assange\/Christian Waldvogel \u2013 unknown<\/em> (2014), <em>Asia Andrzejka Naveen \u2013 Mas cerca\/De La Fuente Oscar De Franco \u2013 Bluecore<\/em> (2015). Kot neodvisni avtor sodeluje pri pripravi in izdaji razstavnih katalogov, revij in \u010dasopisov, kot na primer <em>Kunstbulletin<\/em>, <em>Z\u00fcritipp<\/em> in <em>Apartamento<\/em>. V sklopu magistrskih programov pou\u010duje na Z\u00fcrcher Hochschule der K\u00fcnste (ZHdK). Skupaj s kriti\u010darko in kuratorko Aoife Rosenmeyer in podporo Pro Helvetie je leta 2014 v \u0160vici ustanovil program delavnic kriti\u0161kega pisanja <em>Crritic!<\/em> <span style=\"color: #999999;\">(Foto: Raisa Durandi).<\/span><\/p>\n<hr \/>\n<p>Fotografije s predavanja: arhiv SCCA-Ljubljana<\/p>\n<div id='gallery-1' class='gallery galleryid-10294 gallery-columns-4 gallery-size-thumbnail'><figure class='gallery-item'>\n\t\t\t<div class='gallery-icon landscape'>\n\t\t\t\t<a href='https:\/\/www.worldofart.org\/arhiv.worldofart.org\/aktualno\/wp-content\/uploads\/2017\/01\/20170209_180447.jpg' rel=\"lightbox[10294]\"><img loading=\"lazy\" decoding=\"async\" width=\"140\" height=\"140\" src=\"https:\/\/www.worldofart.org\/arhiv.worldofart.org\/aktualno\/wp-content\/uploads\/2017\/01\/20170209_180447-150x150.jpg\" class=\"attachment-thumbnail size-thumbnail\" alt=\"\" \/><\/a>\n\t\t\t<\/div><\/figure><figure class='gallery-item'>\n\t\t\t<div class='gallery-icon landscape'>\n\t\t\t\t<a href='https:\/\/www.worldofart.org\/arhiv.worldofart.org\/aktualno\/wp-content\/uploads\/2017\/01\/20170209_180706.jpg' rel=\"lightbox[10294]\"><img loading=\"lazy\" decoding=\"async\" width=\"140\" height=\"140\" src=\"https:\/\/www.worldofart.org\/arhiv.worldofart.org\/aktualno\/wp-content\/uploads\/2017\/01\/20170209_180706-150x150.jpg\" class=\"attachment-thumbnail size-thumbnail\" alt=\"\" \/><\/a>\n\t\t\t<\/div><\/figure><figure class='gallery-item'>\n\t\t\t<div class='gallery-icon landscape'>\n\t\t\t\t<a href='https:\/\/www.worldofart.org\/arhiv.worldofart.org\/aktualno\/wp-content\/uploads\/2017\/01\/20170209_182821.jpg' rel=\"lightbox[10294]\"><img loading=\"lazy\" decoding=\"async\" width=\"140\" height=\"140\" src=\"https:\/\/www.worldofart.org\/arhiv.worldofart.org\/aktualno\/wp-content\/uploads\/2017\/01\/20170209_182821-150x150.jpg\" class=\"attachment-thumbnail size-thumbnail\" alt=\"\" \/><\/a>\n\t\t\t<\/div><\/figure><figure class='gallery-item'>\n\t\t\t<div class='gallery-icon landscape'>\n\t\t\t\t<a href='https:\/\/www.worldofart.org\/arhiv.worldofart.org\/aktualno\/wp-content\/uploads\/2017\/01\/20170209_182832-1.jpg' rel=\"lightbox[10294]\"><img loading=\"lazy\" decoding=\"async\" width=\"140\" height=\"140\" src=\"https:\/\/www.worldofart.org\/arhiv.worldofart.org\/aktualno\/wp-content\/uploads\/2017\/01\/20170209_182832-1-150x150.jpg\" class=\"attachment-thumbnail size-thumbnail\" alt=\"\" \/><\/a>\n\t\t\t<\/div><\/figure>\n\t\t<\/div>\n\n<hr \/>\n<p>Predavanje pripravlja Svet umetnosti\/SCCA\u2013Ljubljana. Program podpirata Mestna ob\u010dina Ljubljana \u2013 Oddelek za kulturo in Veleposlani\u0161tvo \u0160vice.<\/p>\n<p><img loading=\"lazy\" decoding=\"async\" class=\"alignnone\" style=\"padding-right: 10px;\" title=\"Svet umetnosti\" src=\"https:\/\/www.worldofart.org\/arhiv.worldofart.org\/aktualno\/wp-content\/uploads\/2016\/11\/SU-logo-100.png\" alt=\"\" width=\"87\" height=\"70\" \/> <img loading=\"lazy\" decoding=\"async\" class=\"alignnone size-full wp-image-10306\" style=\"padding-right: 10px;\" title=\"Mestna ob\u010dina Ljubljana \u2013 Oddelek za kulturo\" src=\"https:\/\/www.worldofart.org\/arhiv.worldofart.org\/aktualno\/wp-content\/uploads\/2017\/01\/mol-logo.jpg\" alt=\"\" width=\"180\" height=\"70\" srcset=\"https:\/\/www.worldofart.org\/arhiv.worldofart.org\/aktualno\/wp-content\/uploads\/2017\/01\/mol-logo.jpg 308w, https:\/\/www.worldofart.org\/arhiv.worldofart.org\/aktualno\/wp-content\/uploads\/2017\/01\/mol-logo-300x117.jpg 300w\" sizes=\"(max-width: 180px) 100vw, 180px\" \/> <img loading=\"lazy\" decoding=\"async\" class=\"alignnone\" title=\"Veleposlani\u0161tvo \u0160vice\" src=\"https:\/\/www.worldofart.org\/arhiv.worldofart.org\/aktualno\/wp-content\/uploads\/2017\/01\/veleposlanistvo-svice-logo.jpg\" width=\"181\" height=\"70\" \/><\/p>\n","protected":false},"excerpt":{"rendered":"<p>\u010cetrtek, 9. februar 2017, ob 18. uri.<br \/>\nProjektna soba SCCA, Metelkova 6, Ljubljana.<br \/>\n\u0160vicarski kurator bo v predavanju razmi\u0161ljal o povezavah med kuriranjem in govorni\u0161tvom.<\/p>\n","protected":false},"author":1,"featured_media":10295,"comment_status":"closed","ping_status":"closed","sticky":false,"template":"","format":"standard","meta":{"footnotes":""},"categories":[35,7,10,34,32],"tags":[],"_links":{"self":[{"href":"https:\/\/www.worldofart.org\/arhiv.worldofart.org\/aktualno\/wp-json\/wp\/v2\/posts\/10294"}],"collection":[{"href":"https:\/\/www.worldofart.org\/arhiv.worldofart.org\/aktualno\/wp-json\/wp\/v2\/posts"}],"about":[{"href":"https:\/\/www.worldofart.org\/arhiv.worldofart.org\/aktualno\/wp-json\/wp\/v2\/types\/post"}],"author":[{"embeddable":true,"href":"https:\/\/www.worldofart.org\/arhiv.worldofart.org\/aktualno\/wp-json\/wp\/v2\/users\/1"}],"replies":[{"embeddable":true,"href":"https:\/\/www.worldofart.org\/arhiv.worldofart.org\/aktualno\/wp-json\/wp\/v2\/comments?post=10294"}],"version-history":[{"count":23,"href":"https:\/\/www.worldofart.org\/arhiv.worldofart.org\/aktualno\/wp-json\/wp\/v2\/posts\/10294\/revisions"}],"predecessor-version":[{"id":12061,"href":"https:\/\/www.worldofart.org\/arhiv.worldofart.org\/aktualno\/wp-json\/wp\/v2\/posts\/10294\/revisions\/12061"}],"wp:featuredmedia":[{"embeddable":true,"href":"https:\/\/www.worldofart.org\/arhiv.worldofart.org\/aktualno\/wp-json\/wp\/v2\/media\/10295"}],"wp:attachment":[{"href":"https:\/\/www.worldofart.org\/arhiv.worldofart.org\/aktualno\/wp-json\/wp\/v2\/media?parent=10294"}],"wp:term":[{"taxonomy":"category","embeddable":true,"href":"https:\/\/www.worldofart.org\/arhiv.worldofart.org\/aktualno\/wp-json\/wp\/v2\/categories?post=10294"},{"taxonomy":"post_tag","embeddable":true,"href":"https:\/\/www.worldofart.org\/arhiv.worldofart.org\/aktualno\/wp-json\/wp\/v2\/tags?post=10294"}],"curies":[{"name":"wp","href":"https:\/\/api.w.org\/{rel}","templated":true}]}}