{"id":1351,"date":"2012-01-20T10:23:55","date_gmt":"2012-01-20T08:23:55","guid":{"rendered":"http:\/\/www.worldofart.org\/aktualno\/?p=1351"},"modified":"2018-06-18T20:16:08","modified_gmt":"2018-06-18T18:16:08","slug":"petra-kaps-lete-ali-mnemozina-za-fu-turo-or-kot-omniprisotna-trojnost-poiesis-tehne-parrhesia","status":"publish","type":"post","link":"https:\/\/www.worldofart.org\/arhiv.worldofart.org\/aktualno\/archives\/1351","title":{"rendered":"Petra Kap\u0161: Lete ali Mnemozina za fu-(turo), OR kot omniprisotna trojnost: poiesis, tehn\u00e9, parrhesia"},"content":{"rendered":"<p>SVET UMETNOSTI<br \/>\n\u0160ola za kustose in kritike sodobne umetnosti<br \/>\nLeto 14<\/p>\n<p><a title=\"Serija javnih predavanj o kuratorski in institucionalni praksi\" href=\"https:\/\/www.worldofart.org\/arhiv.worldofart.org\/aktualno\/stirinajsti-letnik-20112013\/serija-javnih-predavanj\">Serija javnih predavanj o kuratorski in institucionalni praksi<\/a><\/p>\n<p>\u010cetrtek, 16. 2. 2012 ob 20. uri<br \/>\nProjektna soba SCCA, Metelkova 6, Ljubljana<\/p>\n<hr \/>\n<p>Povabili smo mlaj\u0161o kolegico <strong>Petro Kap\u0161<\/strong>, da predstavi svoje ve\u010dzna\u010dno delovanje, ki ga vidimo na prese\u010di\u0161\u010du med umetni\u0161ko, kriti\u0161ko in kuratorsko prakso, med preizku\u0161anjem v ustvarjanju razli\u010dnih situacij in okoli\u0161\u010din, ki spro\u017eajo interakcije in vodijo do specifi\u010dnih projektov, in (samo)kriti\u010dno refleksijo, ki jo opredeljuje zanimiv spoj znanj \u2013 od vednosti starih do sodobne teorije in vizualne umetnosti. Petra Kap\u0161 se v svojem interdisciplinarnem raziskovanju in iskanju vedno znova preizku\u0161a v druga\u010dnih modelih delovanja, se pri tem zmerom giblje ob robu uresni\u010dljivega in to po\u010dne v tesnem medsebojnem sodelovanju z umetnicami in umetniki.<\/p>\n<hr \/>\n<p><img decoding=\"async\" style=\"padding-right: 15px; margin-bottom: 20px;\" src=\"https:\/\/www.worldofart.org\/arhiv.worldofart.org\/aktualno\/wp-content\/2011-13\/photoPetraKaps_.jpg\" alt=\"Petra Kap\u0161\" align=\"left\" \/><em>Korenine OR je mo\u010d loviti v besedah, ki v svojem jedru nosijo sledi govora; izplen nas soo\u010di z dolgotrajno premo\u010djo okostenelega nad usti. OR (iz)sledimo v nukleus reda, sumimo v korespondenci s formo, jedru organuma. OR kot os diskurzivne civilizacije. OR skoz mrmrajo\u010di glas brbljanja, vzpenjajo\u010d se iz in potapljajo\u010d se v globinah ust. OR kot ozna\u010devalec, poeti\u010dni modulator, sila navdiha, zrcaljajo\u010da ostanke prihodnosti. OR kot simptom, medtem ko naj na\u0161a civilizacija pomena in (ne)(spo)razumevanja pije iz izvira Mnemozine, da se osve\u017ei s celovitim prizadevanjem poeti\u010dnega.<\/em><\/p>\n<p>Pripovedovala bom o svojih dolgotrajnih zanimanjih, v katerih se posve\u010dam razcvetanjem in\/ali skr\u010denjem pomenov, smislov, reda \u2013 forme; naglasila bom eno izmed svojih maksim: invencija estetske forme je v sorazmerju (s)\/z (spo)razumevanjem. Skoz evolutivne poti prizadevanj bom v medsebojno sovisnem ter sodolo\u010dujo\u010dem razmerju osvetlila pisanje, raziskovanje, organiziranje, kuriranje in performiranje; izpostavila bom pomembnost obojega: redukcionisti\u010dno racionalno logi\u010dno-analiti\u010dno zasnovano mi\u0161ljenje in delovanje ter asociativno poeti\u010dni univerzum rizomati\u010dnih morebitnosti.<\/p>\n<p>Petra Kap\u0161<\/p>\n<p><!--more--><\/p>\n<hr \/>\n<p><img loading=\"lazy\" decoding=\"async\" style=\"margin: 3px 10px 5px 0px;\" src=\"https:\/\/www.worldofart.org\/arhiv.worldofart.org\/aktualno\/wp-content\/2011-13\/petra-kaps.jpg\" alt=\"Petra Kap\u0161\" width=\"100\" height=\"100\" align=\"left\" \/><strong>Petra Kap\u0161<\/strong><br \/>\nPetra Kap\u0161 (Maribor, 1975) je samostojna avtorica, delujo\u010da kot piska, raziskovalka, umetnica, ter, odvisno od vsakokratnih potreb, do sedaj kot organizatorka, kuratorka, producentka, urednica &#8230;<br \/>\nNjeni \u0161tudiji sloven\u0161\u010dine, teologije, filozofije, estetike, posameznih pojavitev umetnosti so povezani s premi\u0161ljevanji in raziskavami raznolikih vidikov medijev, besed, podobe in zvoka. Trenutno pripravlja materijo za doktorat o odlo\u010dujo\u010dih premenah med orakularnimi, oralnimi in retori\u010dnimi koncepti ter praksami Starih Grkov, z mo\u017enimi implikacijami slednjega v umetni\u0161kih praksah zahodnega konteksta.<br \/>\nOd leta 2003 iz\u010drpno pi\u0161e o raznolikih fenomenih v umetnosti, umetni\u0161kih delih in delovanjih; kot piska se izjavlja v Likovnih besedah, Maski, Borcu, Delu (od 2007 do 18. januarja 2011 s tedaj poslednjo objavo kriti\u0161ke refleksije), Ve\u010deru, Pogledih, Znamenju, Reartikulaciji, zlo\u017eenkah, katalogih, knjigah. Leta 2010 je v samozalo\u017ebi izdala prvo knjigo \u2013OR\u2013 premene umetnosti, Poeti\u010dni nastavki korespondence z orakljem, Knjiga \u0161t. 1 in v letu 2011 pri\u010dela z OR refleksijami (preko osebne e-mail liste &#8216;dostavljene&#8217; refleksije umetnosti). Z Iztokom Marohom je vodila &#8221;artists run space&#8221; Odprti atelje (2007\u20132010), soustanovila in aktivno sodelovala je v TU dru\u0161tvu za promocijo in razvoj kulture (2004\u20132007) ter sestavu so0gledi (2007\u2013 ). Leta 2007\u20138 je z Ivano Bago, Petjo Grafenauer, Tev\u017eem Logarjem, Moniko Ivan\u010di\u010d Fajfar, Mojco Puncer in Jako \u017deleznikarjem, pod supervizijo Sa\u0161e Nabergoj, uresni\u010devala Laboratorij Svet umetnosti, LabSUs \u2013 odprto platformo za kuratorje, umetnike, pisce in teoretike ter razstavo Labsus osebno\/osobno (za zadnje v sodelovanju z Markom Ko\u0161nikom ter delom Vaja za konec sveta) (SCCA-Ljubljana, v galeriji \u0160kuc in Mestni galeriji Labin). Leta 2008 je zasnovala in izvedla diskurzivni projekt &#8221;O&#8221; \u2013 refleksija umetnosti (z gosti in v sodelovanju s Kiblo, Maribor). Prvi korak dolgoro\u010dnega raziskovalnega dela OR je leta 2010 uresni\u010dila s projektom \u2013OR\u2013 premene umetnosti, Poeti\u010dni nastavki korespondence z orakljem (razstava, knjiga, predavanja, performansi, debata; v sodelovanju z: Alenka Pirman, Katarina Zdjelar, Borut Savski, Tao G. Vrhovec Sambolec, Evelyn M\u00fc\u00fcrsepp, Erkki Luuk, John Grzinich, Simon Macuh, Marko Ko\u0161nik; Likovni salon Celje, Zavod Celeia). Njen prvi v javnosti predstavljen projekt, kjer besedo in tekst ne uporabi kot besedo o umetnosti, ampak kot umetnost besede, je umetni\u0161ki prostor Prehod (Kazemate, Ljubljanski grad, skupaj z Iztokom Marohom, 2009), kateremu sledijo Curatorial dinner in After curatorial dinner (skupaj z: Riho Kall, John Grzinich, Evelyn M\u00fc\u00fcrsepp, Toomas Thetloff, Patrick McGinley, Erkk Luuk, Anna Hints, Tomar, Portugalska) in knjige \u2013OR\u2013 OKUS, \u2013OR\u2013 DOTIK (Dama z enorogom). Performativna branja je pri\u010dela s \u0160ele ali \u017ee, 50 (49) vpra\u0161anj za projekt Vstop prost, 2010 (\u0160pitalska kapela Celje), nadaljuje jih s Prislu\u0161kovanji Evridiki v Javnih branjih (z: Aleksandra Gruden, Zoran Srdi\u010d Jane\u017ei\u010d, Simon Macuh, Andreja D\u017eaku\u0161i\u010d, Miha Horvat) ter performativnimi predavanji (Cirkulacija 2, Mostovna, festival Pixxel point 2010). Kot &#8221;piska v \u017eivo&#8221; je pri\u010dela s 44 (20) vpra\u0161anji za ARZENAL DEPO 2K9 (Galerija Kapelica, Viba studio, 2009) ter nedavno nadaljevala s 47 (8)&gt;(7) tekstualnih fragmentov za Radio Art Space; osebni ra\u010dunalnik, pisalni stroj, nalivno pero (&#8230; posve\u010deno Friedrichu A. Kittlerju ter njegovim esejem Gramofon Film Pisalni stroj).<\/p>\n<hr \/>\n<p>Produkcija: <a href=\"http:\/\/www.scca-ljubljana.si\/\" target=\"_blank\" rel=\"noopener\">SCCA, Zavod za sodobno umetnost \u2013 Ljubljana<\/a><br \/>\nKoprodukcija: <a href=\"http:\/\/www.curating.org\/\" target=\"_blank\" rel=\"noopener\">Podiplomski program kuratorstva in\u0161tituta \u0161tudije<\/a> z <a href=\"http:\/\/www.zhdk.ch\/\" target=\"_blank\" rel=\"noopener\">Univerze za umetnost Z\u00fcrich<\/a>.<br \/>\nPodprto z donacijo \u0160vice v okviru <a href=\"http:\/\/www.svicarski-prispevek.si\" target=\"_blank\" rel=\"noopener\">\u0160vicarskega prispevka raz\u0161irjeni Evropski uniji.<br \/>\n<img decoding=\"async\" src=\"https:\/\/www.worldofart.org\/arhiv.worldofart.org\/aktualno\/wp-content\/swiss-contribution.gif\" alt=\"Swiss Contribution\" \/><\/a><\/p>\n<hr \/>\n<p><a href=\"https:\/\/www.worldofart.org\/arhiv.worldofart.org\/aktualno\/archives\/1777\"><strong>Poro\u010dilo s predavanja<\/strong><br \/>\n<img decoding=\"async\" src=\"https:\/\/www.worldofart.org\/arhiv.worldofart.org\/aktualno\/wp-content\/2011-13\/petra-kaps\/petra-kaps-scca04.jpg\" alt=\"poro\u010dilo s predavanja Petre Kap\u0161\" width=\"220\" \/><\/a><\/p>\n","protected":false},"excerpt":{"rendered":"<p>SVET UMETNOSTI \u0160ola za kustose in kritike sodobne umetnosti Leto 14 Serija javnih predavanj o kuratorski in institucionalni praksi \u010cetrtek, 16. 2. 2012 ob 20. uri Projektna soba SCCA, Metelkova 6, Ljubljana Povabili smo mlaj\u0161o kolegico Petro Kap\u0161, da predstavi svoje ve\u010dzna\u010dno delovanje, ki ga vidimo na prese\u010di\u0161\u010du med umetni\u0161ko, kriti\u0161ko in kuratorsko prakso, med [&hellip;]<\/p>\n","protected":false},"author":1,"featured_media":13090,"comment_status":"closed","ping_status":"closed","sticky":false,"template":"","format":"standard","meta":{"footnotes":""},"categories":[23,7,17],"tags":[],"_links":{"self":[{"href":"https:\/\/www.worldofart.org\/arhiv.worldofart.org\/aktualno\/wp-json\/wp\/v2\/posts\/1351"}],"collection":[{"href":"https:\/\/www.worldofart.org\/arhiv.worldofart.org\/aktualno\/wp-json\/wp\/v2\/posts"}],"about":[{"href":"https:\/\/www.worldofart.org\/arhiv.worldofart.org\/aktualno\/wp-json\/wp\/v2\/types\/post"}],"author":[{"embeddable":true,"href":"https:\/\/www.worldofart.org\/arhiv.worldofart.org\/aktualno\/wp-json\/wp\/v2\/users\/1"}],"replies":[{"embeddable":true,"href":"https:\/\/www.worldofart.org\/arhiv.worldofart.org\/aktualno\/wp-json\/wp\/v2\/comments?post=1351"}],"version-history":[{"count":9,"href":"https:\/\/www.worldofart.org\/arhiv.worldofart.org\/aktualno\/wp-json\/wp\/v2\/posts\/1351\/revisions"}],"predecessor-version":[{"id":13091,"href":"https:\/\/www.worldofart.org\/arhiv.worldofart.org\/aktualno\/wp-json\/wp\/v2\/posts\/1351\/revisions\/13091"}],"wp:featuredmedia":[{"embeddable":true,"href":"https:\/\/www.worldofart.org\/arhiv.worldofart.org\/aktualno\/wp-json\/wp\/v2\/media\/13090"}],"wp:attachment":[{"href":"https:\/\/www.worldofart.org\/arhiv.worldofart.org\/aktualno\/wp-json\/wp\/v2\/media?parent=1351"}],"wp:term":[{"taxonomy":"category","embeddable":true,"href":"https:\/\/www.worldofart.org\/arhiv.worldofart.org\/aktualno\/wp-json\/wp\/v2\/categories?post=1351"},{"taxonomy":"post_tag","embeddable":true,"href":"https:\/\/www.worldofart.org\/arhiv.worldofart.org\/aktualno\/wp-json\/wp\/v2\/tags?post=1351"}],"curies":[{"name":"wp","href":"https:\/\/api.w.org\/{rel}","templated":true}]}}