{"id":13949,"date":"2018-11-29T15:58:02","date_gmt":"2018-11-29T13:58:02","guid":{"rendered":"http:\/\/www.worldofart.org\/aktualno\/?p=13949"},"modified":"2019-07-19T10:33:15","modified_gmt":"2019-07-19T08:33:15","slug":"okrogla-miza-kritika-v-regiji-v-skopju","status":"publish","type":"post","link":"https:\/\/www.worldofart.org\/arhiv.worldofart.org\/aktualno\/archives\/13949","title":{"rendered":"Okrogla miza Kritika v regiji v Skopju"},"content":{"rendered":"<p>Svet umetnosti | \u0160ola za kuratorske prakse in kriti\u0161ko pisanje | Leto 17<\/p>\n<hr \/>\n<p><a href=\"https:\/\/kontrapunkt.weebly.com\/home.html\" target=\"_blank\" rel=\"noopener noreferrer\"><img decoding=\"async\" class=\"alignnone size-full wp-image-13951\" src=\"https:\/\/www.worldofart.org\/arhiv.worldofart.org\/aktualno\/wp-content\/uploads\/2018\/11\/krik-2018-gif-mk-alb_orig.gif\" alt=\"\" width=\"730\" \/><\/a><\/p>\n<p>Sodelavca SCCA-Ljubljana in \u0160ole za kuratorske prakse in kriti\u0161ko pisanje Svet umetnosti <strong>Miha Kelemina<\/strong> in <strong>Du\u0161an Dov\u010d<\/strong> se pridru\u017eujeta mednarodni konferenci na temo kritike, ki bo potekala v sklopu <strong>festivala za kriti\u0161ko kulturo KRIK<\/strong> (21. 11.<em>\u2013<\/em>19. 12. 2018) v Skopju.<\/p>\n<p>V sklopu leto\u0161nje izdaje festivala bo potekala tudi okrogla miza <strong><em>Kritika v regiji<\/em><\/strong>, na kateri bodo Lujo Pare\u017eanin, Luka Ostoji\u0107, Miljenka Buljevic, Miha Kelemina, Anotnija Letini\u0107, Du\u0161an Dov\u010d in Vesna Milosavljevi\u0107 predstavili prispevke, objavljene v istoimenskem zborniku besedil. Okrogla miza je namenjena soo\u010danju pogledov na aktualno problematiko in stanje kritike na globalni ter lokalni ravni.<\/p>\n<p>Ve\u010d na <a href=\"https:\/\/kontrapunkt.weebly.com\/home.html\" target=\"_blank\" rel=\"noopener noreferrer\"><strong>spletni strani festivala KRIK<\/strong><\/a>.<\/p>\n<hr \/>\n<p>\u0160ola za kuratorske prakse in kriti\u0161ko pisanje Svet umetnosti je \u017ee tretje leto partner mednarodnega projekta <strong><em>Svet okoli nas \u2013 kriti\u010dni pogledi v regiji<\/em><\/strong> (<em>Svet oko nas \u2013 kriti\u010dki pogledi u regiji<\/em>), ki se posve\u010da stanju kritike v (sodobni) umetnosti.\u00a0Projekt vodi zagreb\u0161ka nevladna organizacija<a href=\"http:\/\/www.kulturpunkt.hr\/node\/29\" target=\"_blank\" rel=\"noopener noreferrer\"> <strong>Kurziv, platforma za vpra\u0161anja kulture, medijev in dru\u017ebe<\/strong><\/a> v sodelovanju z organizacijami <a href=\"http:\/\/www.booksa.hr\/\" target=\"_blank\" rel=\"noopener noreferrer\"><strong>Kulturtreger<\/strong><\/a> (Zagreb), <a href=\"http:\/\/www.seecult.org\/\" target=\"_blank\" rel=\"noopener noreferrer\"><strong>SEECult.org<\/strong><\/a> (Beograd), <a href=\"http:\/\/www.kontrapunkt-mk.org\/\" target=\"_blank\" rel=\"noopener noreferrer\"><strong>Kontrapunkt<\/strong><\/a> (Skopje) in\u00a0<a href=\"http:\/\/www.scca-ljubljana.si\/\" target=\"_blank\" rel=\"noopener noreferrer\"><strong>SCCA-Ljubljana<\/strong><\/a>. Partnerske organizacije, ki delujejo na podro\u010dju izobra\u017eevanja za poklice v kulturi (kritiki, kuratorji, novinarji, uredniki) in kot podporne organizacije za izbolj\u0161anje produkcijskih pogojev in promocijo kulture, so \u017ee ve\u010dkrat sodelovale skupaj, zlasti na temo vloge kritike in kriti\u0161kega pisanja v dru\u017ebi, kriti\u010dnega vrednotenja umetni\u0161ke produkcije in izobra\u017eevanja mladih avtorjev na podro\u010dju kritike.<\/p>\n<p>Mednarodni projekt je nadaljevanje dosedanjih aktivnosti sodelujo\u010dih partnerjev na podro\u010dju obravnave kritike in kriti\u0161kih praks v regiji, ki so se za\u010dele zdaj \u017ee davnega leta 2011 v sklopu regionalnega projekta<a href=\"https:\/\/www.facebook.com\/hashtag\/criticizethis\" target=\"_blank\" rel=\"noopener noreferrer\"> <em>#CriticizeThis!<\/em><\/a><em>.<\/em> Namen projekta je nadaljevanje tega dialoga in spodbuda za nadaljevanje za\u010dete razprave. Cilj projekta je zbrati dosedanje sklepe in razmi\u0161ljanja o stanju kritike, tako v regiji kot \u0161ir\u0161e, ter ponuditi gradivo za nadaljevanje in \u0161irjenje dialoga, tako s partnerji znotraj sodelujo\u010dih dr\u017eav kot med akterji na regionalni in \u0161ir\u0161i mednarodni sceni. Temeljno vpra\u0161anje, ki smo si ga zastavili, je bilo, kaj je kritika danes, s poudarkom na kritiki umetni\u0161kih praks in njeni ujetosti v procese, ki vplivajo na njeno preoblikovanje. Na eni strani gre za radikalne in hitre spremembe na podro\u010dju medijev, ki jih opazujemo zadnjih \u0161tirideset let, ki jih je spodbudil razvoj novih tehnologij. Na drugi strani pa je njeno preoblikovanje pogojeno s procesi, ki se odvijajo v samem polju umetni\u0161ke produkcije, za katero je zna\u010dilna interdisciplinarnost, iskanje novih oblik, jezikov, pristopov in platform. \u00a0Kje je kritika danes, koga naslavlja, kak\u0161na je njena vloga in kako najde svoje nove oblike in jezike \u2013 so nekatera od vpra\u0161anj, h katerim se pogosto vra\u010damo in jih posku\u0161amo pu\u0161\u010dati odprta za \u0161ir\u0161o javno diskusijo.<\/p>\n<hr \/>\n<p><strong>Fotogalerija<\/strong><br \/>\nFoto: Arhiv Festivala KRIK<\/p>\n<div id='gallery-1' class='gallery galleryid-13949 gallery-columns-5 gallery-size-thumbnail'><figure class='gallery-item'>\n\t\t\t<div class='gallery-icon landscape'>\n\t\t\t\t<a href='https:\/\/www.worldofart.org\/arhiv.worldofart.org\/aktualno\/wp-content\/uploads\/2018\/11\/KRIK_1.jpg' rel=\"lightbox[13949]\"><img loading=\"lazy\" decoding=\"async\" width=\"140\" height=\"140\" src=\"https:\/\/www.worldofart.org\/arhiv.worldofart.org\/aktualno\/wp-content\/uploads\/2018\/11\/KRIK_1-140x140.jpg\" class=\"attachment-thumbnail size-thumbnail\" alt=\"\" \/><\/a>\n\t\t\t<\/div><\/figure><figure class='gallery-item'>\n\t\t\t<div class='gallery-icon landscape'>\n\t\t\t\t<a href='https:\/\/www.worldofart.org\/arhiv.worldofart.org\/aktualno\/wp-content\/uploads\/2018\/11\/KRIK_2.jpg' rel=\"lightbox[13949]\"><img loading=\"lazy\" decoding=\"async\" width=\"140\" height=\"140\" src=\"https:\/\/www.worldofart.org\/arhiv.worldofart.org\/aktualno\/wp-content\/uploads\/2018\/11\/KRIK_2-140x140.jpg\" class=\"attachment-thumbnail size-thumbnail\" alt=\"\" \/><\/a>\n\t\t\t<\/div><\/figure><figure class='gallery-item'>\n\t\t\t<div class='gallery-icon landscape'>\n\t\t\t\t<a href='https:\/\/www.worldofart.org\/arhiv.worldofart.org\/aktualno\/wp-content\/uploads\/2018\/11\/KRIK_3.jpg' rel=\"lightbox[13949]\"><img loading=\"lazy\" decoding=\"async\" width=\"140\" height=\"140\" src=\"https:\/\/www.worldofart.org\/arhiv.worldofart.org\/aktualno\/wp-content\/uploads\/2018\/11\/KRIK_3-140x140.jpg\" class=\"attachment-thumbnail size-thumbnail\" alt=\"\" \/><\/a>\n\t\t\t<\/div><\/figure><figure class='gallery-item'>\n\t\t\t<div class='gallery-icon landscape'>\n\t\t\t\t<a href='https:\/\/www.worldofart.org\/arhiv.worldofart.org\/aktualno\/wp-content\/uploads\/2018\/11\/KRIK_4.jpg' rel=\"lightbox[13949]\"><img loading=\"lazy\" decoding=\"async\" width=\"140\" height=\"140\" src=\"https:\/\/www.worldofart.org\/arhiv.worldofart.org\/aktualno\/wp-content\/uploads\/2018\/11\/KRIK_4-140x140.jpg\" class=\"attachment-thumbnail size-thumbnail\" alt=\"\" \/><\/a>\n\t\t\t<\/div><\/figure><figure class='gallery-item'>\n\t\t\t<div class='gallery-icon landscape'>\n\t\t\t\t<a href='https:\/\/www.worldofart.org\/arhiv.worldofart.org\/aktualno\/wp-content\/uploads\/2018\/11\/KRIK_5.jpg' rel=\"lightbox[13949]\"><img loading=\"lazy\" decoding=\"async\" width=\"140\" height=\"140\" src=\"https:\/\/www.worldofart.org\/arhiv.worldofart.org\/aktualno\/wp-content\/uploads\/2018\/11\/KRIK_5-140x140.jpg\" class=\"attachment-thumbnail size-thumbnail\" alt=\"\" \/><\/a>\n\t\t\t<\/div><\/figure>\n\t\t<\/div>\n\n<hr \/>\n<p>Projekt podpira\u00a0<a href=\"http:\/\/kulturanova.hr\/\" target=\"_blank\" rel=\"noopener noreferrer\"><strong>Zaklada Kultura nova<\/strong><\/a> v okviru programskega podro\u010dja razvoja skupnih platform v JV Evropi.<\/p>\n<p><img loading=\"lazy\" decoding=\"async\" class=\"alignnone wp-image-13950\" src=\"https:\/\/www.worldofart.org\/arhiv.worldofart.org\/aktualno\/wp-content\/uploads\/2018\/11\/zaklada-kultura-nova-730x324.jpg\" alt=\"\" width=\"160\" height=\"71\" srcset=\"https:\/\/www.worldofart.org\/arhiv.worldofart.org\/aktualno\/wp-content\/uploads\/2018\/11\/zaklada-kultura-nova-730x324.jpg 730w, https:\/\/www.worldofart.org\/arhiv.worldofart.org\/aktualno\/wp-content\/uploads\/2018\/11\/zaklada-kultura-nova-338x150.jpg 338w, https:\/\/www.worldofart.org\/arhiv.worldofart.org\/aktualno\/wp-content\/uploads\/2018\/11\/zaklada-kultura-nova.jpg 768w\" sizes=\"(max-width: 160px) 100vw, 160px\" \/><\/p>\n","protected":false},"excerpt":{"rendered":"<p>Mednarodna konferenca na temo kritike bo potekala v sklopu festivala za kriti\u0161ko kulturo KRIK (21. 11. \u201319. 12. 2018) v Skopju.<\/p>\n","protected":false},"author":1,"featured_media":13960,"comment_status":"closed","ping_status":"closed","sticky":false,"template":"","format":"standard","meta":{"footnotes":""},"categories":[19,50,7],"tags":[],"_links":{"self":[{"href":"https:\/\/www.worldofart.org\/arhiv.worldofart.org\/aktualno\/wp-json\/wp\/v2\/posts\/13949"}],"collection":[{"href":"https:\/\/www.worldofart.org\/arhiv.worldofart.org\/aktualno\/wp-json\/wp\/v2\/posts"}],"about":[{"href":"https:\/\/www.worldofart.org\/arhiv.worldofart.org\/aktualno\/wp-json\/wp\/v2\/types\/post"}],"author":[{"embeddable":true,"href":"https:\/\/www.worldofart.org\/arhiv.worldofart.org\/aktualno\/wp-json\/wp\/v2\/users\/1"}],"replies":[{"embeddable":true,"href":"https:\/\/www.worldofart.org\/arhiv.worldofart.org\/aktualno\/wp-json\/wp\/v2\/comments?post=13949"}],"version-history":[{"count":6,"href":"https:\/\/www.worldofart.org\/arhiv.worldofart.org\/aktualno\/wp-json\/wp\/v2\/posts\/13949\/revisions"}],"predecessor-version":[{"id":14643,"href":"https:\/\/www.worldofart.org\/arhiv.worldofart.org\/aktualno\/wp-json\/wp\/v2\/posts\/13949\/revisions\/14643"}],"wp:featuredmedia":[{"embeddable":true,"href":"https:\/\/www.worldofart.org\/arhiv.worldofart.org\/aktualno\/wp-json\/wp\/v2\/media\/13960"}],"wp:attachment":[{"href":"https:\/\/www.worldofart.org\/arhiv.worldofart.org\/aktualno\/wp-json\/wp\/v2\/media?parent=13949"}],"wp:term":[{"taxonomy":"category","embeddable":true,"href":"https:\/\/www.worldofart.org\/arhiv.worldofart.org\/aktualno\/wp-json\/wp\/v2\/categories?post=13949"},{"taxonomy":"post_tag","embeddable":true,"href":"https:\/\/www.worldofart.org\/arhiv.worldofart.org\/aktualno\/wp-json\/wp\/v2\/tags?post=13949"}],"curies":[{"name":"wp","href":"https:\/\/api.w.org\/{rel}","templated":true}]}}