{"id":14032,"date":"2018-12-10T20:13:38","date_gmt":"2018-12-10T18:13:38","guid":{"rendered":"http:\/\/www.worldofart.org\/aktualno\/?p=14032"},"modified":"2019-01-29T16:28:31","modified_gmt":"2019-01-29T14:28:31","slug":"sum-kaja-kraner-estetika-relacij-sodobna-umetnost-med-modernizmom-in-postsodobnostjo","status":"publish","type":"post","link":"https:\/\/www.worldofart.org\/arhiv.worldofart.org\/aktualno\/archives\/14032","title":{"rendered":"\u0160UM: Kaja Kraner: Estetika relacij: sodobna umetnost med modernizmom in postsodobnostjo"},"content":{"rendered":"<p>Svet umetnosti | \u0160ola za kuratorske prakse in kriti\u0161ko pisanje | Leto 17<\/p>\n<hr \/>\n<p><img loading=\"lazy\" decoding=\"async\" class=\"alignnone size-full wp-image-13955\" src=\"https:\/\/www.worldofart.org\/arhiv.worldofart.org\/aktualno\/wp-content\/uploads\/2018\/11\/SUM-revija1.png\" alt=\"\" width=\"730\" height=\"190\" srcset=\"https:\/\/www.worldofart.org\/arhiv.worldofart.org\/aktualno\/wp-content\/uploads\/2018\/11\/SUM-revija1.png 730w, https:\/\/www.worldofart.org\/arhiv.worldofart.org\/aktualno\/wp-content\/uploads\/2018\/11\/SUM-revija1-338x88.png 338w\" sizes=\"(max-width: 730px) 100vw, 730px\" \/><\/p>\n<p>Po predavanju <a href=\"https:\/\/www.worldofart.org\/arhiv.worldofart.org\/aktualno\/archives\/13954\"><em>Fulguracija: od reprezentacije k produkciji<\/em><\/a> Voranca Kumarja nadaljujemo z nizom predavanj, ki ga kolektiv \u0160UM organizira v sodelovanju z Galerijo \u0160KUC in \u0161olo Svet umetnosti. V <strong>\u010detrtek, 13. decembra, ob 18. uri<\/strong> vabljeni na drugo predavanje v nizu<strong><em> Estetika relacij: sodobna umetnost med modernizmom in postsodobnostjo <\/em>Kaje Kraner.<\/strong><\/p>\n<p>Vsa predavanja se odvijajo v Galeriji \u0160KUC, pripravljajo pa jih Kaja Kraner, Domen Ograjen\u0161ek in Voranc Kumar.<\/p>\n<p><strong>O predavanju<em> Estetika relacij: sodobna umetnost med modernizmom in postsodobnostjo<\/em><\/strong><\/p>\n<p>V predavanju bom v prvi fazi izhajala predvsem iz nekaterih izbranih prispevkov, v okviru katerih so se v zadnjih desetih letih postopoma za\u010dele formirati zamisli in pojem postsodobne umetnosti. Konceptualizacije postsodobne umetnosti pri tem v veliki meri izhajajo iz kritike tega, kar se je okvirno od 90. let uveljavilo kot prevladujo\u010de razumevanje sodobne umetnosti, med drugim na podlagi formacije pred-zgodovine sodobne umetnosti kot procesa kritike modernisti\u010dnega avtonomnega umetnostnega dela in dematerializacije umetnostnega objekta od 60., 70. let minulega stoletja. Kritike sodobne umetnosti s stali\u0161\u010da konceptualizacij postsodobne umetnosti se hkrati v veliki meri osredoto\u010dajo natanko na tisto, kar je bilo kot predmet kritike s strani formirajo\u010de se ideje sodobne umetnosti v nekem smislu izvr\u017eeno \u2013 avtonomni umetnostni objekt. \u010ce sodobno umetnost zaznamujejo predvsem kulturno\u0161tudijska teorija recepcije ter tekstualni in pragmati\u010dni model mi\u0161ljenja kulturnih fenomenov, bom tako v predavanju posku\u0161ala premisliti tudi, kak\u0161ne bi lahko bile temeljne razlike med modernisti\u010dnimi konceptualizacijami avtonomnega umetnostnega dela in postsodobnimi aktualizacijami avtonomnega umetnostnega objekta.<\/p>\n<p><iframe loading=\"lazy\" width=\"730\" height=\"411\" src=\"https:\/\/www.youtube.com\/embed\/cCqOYpCBuD0?feature=oembed\" frameborder=\"0\" allow=\"accelerometer; autoplay; encrypted-media; gyroscope; picture-in-picture\" allowfullscreen><\/iframe><\/p>\n<hr \/>\n<p><strong><img loading=\"lazy\" decoding=\"async\" class=\"alignleft size-full wp-image-8395\" src=\"https:\/\/www.worldofart.org\/arhiv.worldofart.org\/aktualno\/wp-content\/uploads\/2016\/03\/Kaja-Kraner.jpg\" alt=\"\" width=\"100\" height=\"100\" \/>\u00a0Kaja Kraner<\/strong>\u00a0primarno deluje kot piska kriti\u0161kih, teoreti\u010dnih besedil in radijskih oddaj na podro\u010dju sodobnih umetnosti (\u0160UM, Radio \u0160tudent, Likovne besede, Dialogi, Maska, Amfiteater, \u010casopis za kritiko znanosti, ISH Monitor idr.). Bila je programska sodelavka Pekarne Magdalenske mre\u017ee, je \u010dlanica uredni\u0161tva revije \u0160UM in redaktorica oddaje Art-area na Radiu \u0160tudent. V dosedanji praksi se je osredoto\u010dala predvsem na relacijo med umetnostjo, teorijo in politiko ter produkcijske okoli\u0161\u010dine sodobne umetnosti. Trenutno zaklju\u010duje doktorski \u0161tudij, v okviru katerega raziskuje narative sodobne umetnosti v slovenskem prostoru.<\/p>\n<hr \/>\n<p>Foto: arhiv SCCA-Ljubljana<\/p>\n<div id='gallery-1' class='gallery galleryid-14032 gallery-columns-5 gallery-size-thumbnail'><figure class='gallery-item'>\n\t\t\t<div class='gallery-icon landscape'>\n\t\t\t\t<a href='https:\/\/www.worldofart.org\/arhiv.worldofart.org\/aktualno\/wp-content\/uploads\/2018\/12\/SUM-Kraner_predavanje_1.jpg' rel=\"lightbox[14032]\"><img loading=\"lazy\" decoding=\"async\" width=\"140\" height=\"140\" src=\"https:\/\/www.worldofart.org\/arhiv.worldofart.org\/aktualno\/wp-content\/uploads\/2018\/12\/SUM-Kraner_predavanje_1-140x140.jpg\" class=\"attachment-thumbnail size-thumbnail\" alt=\"\" \/><\/a>\n\t\t\t<\/div><\/figure><figure class='gallery-item'>\n\t\t\t<div class='gallery-icon landscape'>\n\t\t\t\t<a href='https:\/\/www.worldofart.org\/arhiv.worldofart.org\/aktualno\/wp-content\/uploads\/2018\/12\/SUM-Kraner_predavanje_2.jpg' rel=\"lightbox[14032]\"><img loading=\"lazy\" decoding=\"async\" width=\"140\" height=\"140\" src=\"https:\/\/www.worldofart.org\/arhiv.worldofart.org\/aktualno\/wp-content\/uploads\/2018\/12\/SUM-Kraner_predavanje_2-140x140.jpg\" class=\"attachment-thumbnail size-thumbnail\" alt=\"\" \/><\/a>\n\t\t\t<\/div><\/figure><figure class='gallery-item'>\n\t\t\t<div class='gallery-icon landscape'>\n\t\t\t\t<a href='https:\/\/www.worldofart.org\/arhiv.worldofart.org\/aktualno\/wp-content\/uploads\/2018\/12\/SUM-Kraner_predavanje_3.jpg' rel=\"lightbox[14032]\"><img loading=\"lazy\" decoding=\"async\" width=\"140\" height=\"140\" src=\"https:\/\/www.worldofart.org\/arhiv.worldofart.org\/aktualno\/wp-content\/uploads\/2018\/12\/SUM-Kraner_predavanje_3-140x140.jpg\" class=\"attachment-thumbnail size-thumbnail\" alt=\"\" \/><\/a>\n\t\t\t<\/div><\/figure><figure class='gallery-item'>\n\t\t\t<div class='gallery-icon landscape'>\n\t\t\t\t<a href='https:\/\/www.worldofart.org\/arhiv.worldofart.org\/aktualno\/wp-content\/uploads\/2018\/12\/SUM-Kraner_predavanje_4.jpg' rel=\"lightbox[14032]\"><img loading=\"lazy\" decoding=\"async\" width=\"140\" height=\"140\" src=\"https:\/\/www.worldofart.org\/arhiv.worldofart.org\/aktualno\/wp-content\/uploads\/2018\/12\/SUM-Kraner_predavanje_4-140x140.jpg\" class=\"attachment-thumbnail size-thumbnail\" alt=\"\" \/><\/a>\n\t\t\t<\/div><\/figure><figure class='gallery-item'>\n\t\t\t<div class='gallery-icon landscape'>\n\t\t\t\t<a href='https:\/\/www.worldofart.org\/arhiv.worldofart.org\/aktualno\/wp-content\/uploads\/2018\/12\/SUM-Kraner_predavanje_5.jpg' rel=\"lightbox[14032]\"><img loading=\"lazy\" decoding=\"async\" width=\"140\" height=\"140\" src=\"https:\/\/www.worldofart.org\/arhiv.worldofart.org\/aktualno\/wp-content\/uploads\/2018\/12\/SUM-Kraner_predavanje_5-140x140.jpg\" class=\"attachment-thumbnail size-thumbnail\" alt=\"\" \/><\/a>\n\t\t\t<\/div><\/figure>\n\t\t<\/div>\n\n<hr \/>\n<p><strong>PROGRAM:<\/strong><\/p>\n<p><a href=\"https:\/\/www.worldofart.org\/arhiv.worldofart.org\/aktualno\/archives\/13954\"><strong>Voranc Kumar: <em>Fulguracija: od reprezentacije k produkciji<\/em><\/strong><\/a><br \/>\nTorek, 4. 12. 2018, ob 18. uri<\/p>\n<p><strong>Kaja Kraner: <em>Estetika relacij: sodobna umetnost med modernizmom in postsodobnostjo<\/em><\/strong><br \/>\n\u010cetrtek, 13. 12. 2018, ob 18. uri<\/p>\n<p><a href=\"https:\/\/www.worldofart.org\/arhiv.worldofart.org\/aktualno\/archives\/14045\"><strong>Domen Ograjen\u0161ek: <em>Fever Theory<\/em><\/strong><\/a><br \/>\n\u010cetrtek, 20. 12. 2018, 18. uri<\/p>\n<hr \/>\n<p>Niz predavanj organizira revija \u0160UM v sodelovanju z Galerijo \u0160kuc in \u0161olo Svet umetnosti.<\/p>\n<p><img loading=\"lazy\" decoding=\"async\" class=\"alignnone wp-image-13955\" src=\"https:\/\/www.worldofart.org\/arhiv.worldofart.org\/aktualno\/wp-content\/uploads\/2018\/11\/SUM-revija1.png\" alt=\"\" width=\"143\" height=\"37\" srcset=\"https:\/\/www.worldofart.org\/arhiv.worldofart.org\/aktualno\/wp-content\/uploads\/2018\/11\/SUM-revija1.png 730w, https:\/\/www.worldofart.org\/arhiv.worldofart.org\/aktualno\/wp-content\/uploads\/2018\/11\/SUM-revija1-338x88.png 338w\" sizes=\"(max-width: 143px) 100vw, 143px\" \/>\u00a0 \u00a0 \u00a0\u00a0<img loading=\"lazy\" decoding=\"async\" class=\"alignnone wp-image-13957\" src=\"https:\/\/www.worldofart.org\/arhiv.worldofart.org\/aktualno\/wp-content\/uploads\/2018\/11\/galerija-skuc-logo.png\" alt=\"\" width=\"29\" height=\"61\" srcset=\"https:\/\/www.worldofart.org\/arhiv.worldofart.org\/aktualno\/wp-content\/uploads\/2018\/11\/galerija-skuc-logo.png 312w, https:\/\/www.worldofart.org\/arhiv.worldofart.org\/aktualno\/wp-content\/uploads\/2018\/11\/galerija-skuc-logo-236x500.png 236w\" sizes=\"(max-width: 29px) 100vw, 29px\" \/>\u00a0 \u00a0 \u00a0 \u00a0 \u00a0<img loading=\"lazy\" decoding=\"async\" class=\"alignnone wp-image-7606\" src=\"https:\/\/www.worldofart.org\/arhiv.worldofart.org\/aktualno\/wp-content\/uploads\/2015\/06\/woa120.gif\" alt=\"Svet umetnosti \/ World of Art\" width=\"65\" height=\"47\" \/><\/p>\n<p>Projekt podpira\u00a0<a href=\"http:\/\/kulturanova.hr\/\" target=\"_blank\" rel=\"noopener\"><strong>Zaklada Kultura nova<\/strong><\/a> v okviru programskega podro\u010dja razvoja skupnih platform v JV Evropi.<\/p>\n<p><img loading=\"lazy\" decoding=\"async\" class=\"alignnone wp-image-13950\" src=\"https:\/\/www.worldofart.org\/arhiv.worldofart.org\/aktualno\/wp-content\/uploads\/2018\/11\/zaklada-kultura-nova-730x324.jpg\" alt=\"\" width=\"137\" height=\"61\" srcset=\"https:\/\/www.worldofart.org\/arhiv.worldofart.org\/aktualno\/wp-content\/uploads\/2018\/11\/zaklada-kultura-nova-730x324.jpg 730w, https:\/\/www.worldofart.org\/arhiv.worldofart.org\/aktualno\/wp-content\/uploads\/2018\/11\/zaklada-kultura-nova-338x150.jpg 338w, https:\/\/www.worldofart.org\/arhiv.worldofart.org\/aktualno\/wp-content\/uploads\/2018\/11\/zaklada-kultura-nova.jpg 768w\" sizes=\"(max-width: 137px) 100vw, 137px\" \/><\/p>\n","protected":false},"excerpt":{"rendered":"<p>Predavanje<br \/>\n\u010cetrtek, 13. 12. 2018, ob 18. uri<br \/>\nGalerija \u0160kuc, Ljubljana<\/p>\n","protected":false},"author":1,"featured_media":14037,"comment_status":"closed","ping_status":"closed","sticky":false,"template":"","format":"standard","meta":{"footnotes":""},"categories":[50,7],"tags":[],"_links":{"self":[{"href":"https:\/\/www.worldofart.org\/arhiv.worldofart.org\/aktualno\/wp-json\/wp\/v2\/posts\/14032"}],"collection":[{"href":"https:\/\/www.worldofart.org\/arhiv.worldofart.org\/aktualno\/wp-json\/wp\/v2\/posts"}],"about":[{"href":"https:\/\/www.worldofart.org\/arhiv.worldofart.org\/aktualno\/wp-json\/wp\/v2\/types\/post"}],"author":[{"embeddable":true,"href":"https:\/\/www.worldofart.org\/arhiv.worldofart.org\/aktualno\/wp-json\/wp\/v2\/users\/1"}],"replies":[{"embeddable":true,"href":"https:\/\/www.worldofart.org\/arhiv.worldofart.org\/aktualno\/wp-json\/wp\/v2\/comments?post=14032"}],"version-history":[{"count":6,"href":"https:\/\/www.worldofart.org\/arhiv.worldofart.org\/aktualno\/wp-json\/wp\/v2\/posts\/14032\/revisions"}],"predecessor-version":[{"id":14036,"href":"https:\/\/www.worldofart.org\/arhiv.worldofart.org\/aktualno\/wp-json\/wp\/v2\/posts\/14032\/revisions\/14036"}],"wp:featuredmedia":[{"embeddable":true,"href":"https:\/\/www.worldofart.org\/arhiv.worldofart.org\/aktualno\/wp-json\/wp\/v2\/media\/14037"}],"wp:attachment":[{"href":"https:\/\/www.worldofart.org\/arhiv.worldofart.org\/aktualno\/wp-json\/wp\/v2\/media?parent=14032"}],"wp:term":[{"taxonomy":"category","embeddable":true,"href":"https:\/\/www.worldofart.org\/arhiv.worldofart.org\/aktualno\/wp-json\/wp\/v2\/categories?post=14032"},{"taxonomy":"post_tag","embeddable":true,"href":"https:\/\/www.worldofart.org\/arhiv.worldofart.org\/aktualno\/wp-json\/wp\/v2\/tags?post=14032"}],"curies":[{"name":"wp","href":"https:\/\/api.w.org\/{rel}","templated":true}]}}