{"id":14045,"date":"2018-12-13T13:29:25","date_gmt":"2018-12-13T11:29:25","guid":{"rendered":"http:\/\/www.worldofart.org\/aktualno\/?p=14045"},"modified":"2019-03-06T15:16:12","modified_gmt":"2019-03-06T13:16:12","slug":"sum-domen-ograjensek-fever-theory","status":"publish","type":"post","link":"https:\/\/www.worldofart.org\/arhiv.worldofart.org\/aktualno\/archives\/14045","title":{"rendered":"\u0160UM: Domen Ograjen\u0161ek: Fever Theory"},"content":{"rendered":"<p>Svet umetnosti | \u0160ola za kuratorske prakse in kriti\u0161ko pisanje | Leto 17<\/p>\n<hr \/>\n<p><img loading=\"lazy\" decoding=\"async\" class=\"alignnone size-full wp-image-13955\" src=\"https:\/\/www.worldofart.org\/arhiv.worldofart.org\/aktualno\/wp-content\/uploads\/2018\/11\/SUM-revija1.png\" alt=\"\" width=\"730\" height=\"190\" srcset=\"https:\/\/www.worldofart.org\/arhiv.worldofart.org\/aktualno\/wp-content\/uploads\/2018\/11\/SUM-revija1.png 730w, https:\/\/www.worldofart.org\/arhiv.worldofart.org\/aktualno\/wp-content\/uploads\/2018\/11\/SUM-revija1-338x88.png 338w\" sizes=\"(max-width: 730px) 100vw, 730px\" \/><\/p>\n<p>Niz predavanj, ki ga kolektiv <a href=\"http:\/\/sumrevija.si\/\" target=\"_blank\" rel=\"noopener noreferrer\">\u0160UM<\/a> organizira v sodelovanju z Galerijo \u0160KUC in \u0161olo Svet umetnosti, bomo sklenili v <strong>\u010detrtek, 20. decembra, ob 18. uri<\/strong> s predavanjem <strong><em>Fever Theory<\/em><\/strong><strong> Domna Ograjen\u0161ka.<\/strong><\/p>\n<p>Vsa predavanja se odvijajo v Galeriji \u0160KUC, pripravili pa so jih Kaja Kraner, Domen Ograjen\u0161ek in Voranc Kumar.<\/p>\n<p><strong>O predavanju <\/strong><strong><em>Fever Theory<\/em><\/strong><\/p>\n<p>V zgodnjih dvatiso\u010dih se v motiviki popularne glasbe odvijajo premiki od sladke zasvojljivosti, ustaljene z \u017eanrom najstni\u0161kega popa (&#8220;teen pop&#8221;), k nevzdr\u017enosti agoni\u010dnega vdora v notranjost teen-pop-subjektivitete \u2013 &#8220;Overprotected&#8221; (Spears), &#8220;Can\u2019t Get\u00a0You Out of My Head&#8221; (Minogue), razhodi (&#8220;breakups&#8221;)\u00a0in psihi\u010dni zlomi (&#8220;breakdowns&#8221;). Predavanje se postavlja na sled tem premikom predvsem v njihovem sovpadanju z dogodkom teroristi\u010dnega napada 11. septembra 2001 na newyor\u0161ki WTC. Zvo\u010dnost popkulturne krajine bo motrilo v njeni kompleksni vpetosti v mehanizme nadzora, ki jih le-ta ne le orodno podpira, temve\u010d tudi proizvaja, pre\u0161lo pa bo tudi na vpra\u0161anje eti\u010dnega obrata sodobne umetnosti in predvsem njegove domnevne razre\u0161itve s pozivi k &#8220;\u010dez-\u010dlove\u0161ki&#8221; estetiki.<\/p>\n<figure id=\"attachment_14046\" aria-describedby=\"caption-attachment-14046\" style=\"width: 730px\" class=\"wp-caption alignnone\"><img loading=\"lazy\" decoding=\"async\" class=\"wp-image-14046 size-large\" src=\"https:\/\/www.worldofart.org\/arhiv.worldofart.org\/aktualno\/wp-content\/uploads\/2018\/12\/Ograjensek-predavanje-730x417.jpeg\" alt=\"\" width=\"730\" height=\"417\" srcset=\"https:\/\/www.worldofart.org\/arhiv.worldofart.org\/aktualno\/wp-content\/uploads\/2018\/12\/Ograjensek-predavanje-730x417.jpeg 730w, https:\/\/www.worldofart.org\/arhiv.worldofart.org\/aktualno\/wp-content\/uploads\/2018\/12\/Ograjensek-predavanje-338x193.jpeg 338w, https:\/\/www.worldofart.org\/arhiv.worldofart.org\/aktualno\/wp-content\/uploads\/2018\/12\/Ograjensek-predavanje-768x439.jpeg 768w, https:\/\/www.worldofart.org\/arhiv.worldofart.org\/aktualno\/wp-content\/uploads\/2018\/12\/Ograjensek-predavanje.jpeg 805w\" sizes=\"(max-width: 730px) 100vw, 730px\" \/><figcaption id=\"caption-attachment-14046\" class=\"wp-caption-text\">Domen Ograjen\u0161ek, brez naslova, 2018; zajemi posnetkov: LOPEZ, Jennifer, &#8220;Jennifer Lopez \u2013 If You Had My Love (Official Video)&#8221;, Youtube, 2009; EMIMUSIC, &#8220;Kylie Minogue \u2013 Can\u2019t Get You Out of My Head&#8221;, Youtube, 2009.<\/figcaption><\/figure>\n<p>&nbsp;<\/p>\n<p><iframe loading=\"lazy\" width=\"730\" height=\"411\" src=\"https:\/\/www.youtube.com\/embed\/17iW0uoI_xE?feature=oembed\" frameborder=\"0\" allow=\"accelerometer; autoplay; encrypted-media; gyroscope; picture-in-picture\" allowfullscreen><\/iframe><\/p>\n<hr \/>\n<p><img loading=\"lazy\" decoding=\"async\" class=\"alignleft size-full wp-image-14047\" src=\"https:\/\/www.worldofart.org\/arhiv.worldofart.org\/aktualno\/wp-content\/uploads\/2018\/12\/Domen-Ograjensek.jpg\" alt=\"\" width=\"100\" height=\"100\" \/> <strong>Domen Ograjen\u0161ek<\/strong> je pisec, kritik in kurator sodobne vizualne umetnosti. Je nekdanji \u010dlan uredni\u0161tva \u0160UM, njegovega raziskovalnega kolektiva ter nekdanji redaktor oddaje Art-area na Radiu \u0160tudent. Njegova besedila so objavljena v c\u030casopisu <em>Tribuna<\/em>, Radiu \u0160tudent, reviji \u0160UM in reviji all-over. Kuriral je razstave <em>POVR\u0160INA\/\/ODPOR<\/em> (2015, Muzej Norosti, Trate), <em>Andrej \u0160kufca: Indiference<\/em> (2015, Aksioma), <em>&#8220;Koliko nevednosti \u0161e premore umetnost?&#8221;<\/em> (2016, SCCA-Ljubljana) ter kot \u010dlan kolektiva Neteorit razstavni sklop, posvec\u030cen samoorganiziranim skupinam na razstavi <em>Krize in novi za\u010detki: Umetnost v Sloveniji 2005\u20132015<\/em> (2015, MSUM). S predavanji in seminarji je sodeloval z umetnostnimi institucijami, kot so Mednarodni grafi\u010dni likovni center (MGLC Ljubljana), Muzej sodobne umetnosti Metelkova (MSUM) in Galerija \u0160KUC. Trenutno opravlja doktorski \u0161tudij iz umetnostne teorije in kulturologije na Akademiji za likovno umetnost Dunaj.<\/p>\n<hr \/>\n<p><strong>PROGRAM:<\/strong><\/p>\n<p><a href=\"https:\/\/www.worldofart.org\/arhiv.worldofart.org\/aktualno\/archives\/13954\"><strong>Voranc Kumar: <em>Fulguracija: od reprezentacije k produkciji<\/em><\/strong><\/a><br \/>\nTorek, 4. 12. 2018, ob 18. uri<\/p>\n<p><a href=\"https:\/\/www.worldofart.org\/arhiv.worldofart.org\/aktualno\/archives\/14032\"><strong>Kaja Kraner: <em>Estetika relacij: sodobna umetnost med modernizmom in postsodobnostjo<\/em><\/strong><\/a><br \/>\n\u010cetrtek, 13. 12. 2018, ob 18. uri<\/p>\n<p><strong>Domen Ograjen\u0161ek: <em>Fever Theory<\/em><\/strong><br \/>\n\u010cetrtek, 20. 12. 2018, 18. uri<\/p>\n<hr \/>\n<p>Niz predavanj organizira revija \u0160UM v sodelovanju z Galerijo \u0160kuc in \u0161olo Svet umetnosti.<\/p>\n<p><img loading=\"lazy\" decoding=\"async\" class=\"alignnone wp-image-13955\" src=\"https:\/\/www.worldofart.org\/arhiv.worldofart.org\/aktualno\/wp-content\/uploads\/2018\/11\/SUM-revija1.png\" alt=\"\" width=\"143\" height=\"37\" srcset=\"https:\/\/www.worldofart.org\/arhiv.worldofart.org\/aktualno\/wp-content\/uploads\/2018\/11\/SUM-revija1.png 730w, https:\/\/www.worldofart.org\/arhiv.worldofart.org\/aktualno\/wp-content\/uploads\/2018\/11\/SUM-revija1-338x88.png 338w\" sizes=\"(max-width: 143px) 100vw, 143px\" \/>\u00a0 \u00a0 \u00a0\u00a0<img loading=\"lazy\" decoding=\"async\" class=\"alignnone wp-image-13957\" src=\"https:\/\/www.worldofart.org\/arhiv.worldofart.org\/aktualno\/wp-content\/uploads\/2018\/11\/galerija-skuc-logo.png\" alt=\"\" width=\"29\" height=\"61\" srcset=\"https:\/\/www.worldofart.org\/arhiv.worldofart.org\/aktualno\/wp-content\/uploads\/2018\/11\/galerija-skuc-logo.png 312w, https:\/\/www.worldofart.org\/arhiv.worldofart.org\/aktualno\/wp-content\/uploads\/2018\/11\/galerija-skuc-logo-236x500.png 236w\" sizes=\"(max-width: 29px) 100vw, 29px\" \/>\u00a0 \u00a0 \u00a0 \u00a0 \u00a0<img loading=\"lazy\" decoding=\"async\" class=\"alignnone wp-image-7606\" src=\"https:\/\/www.worldofart.org\/arhiv.worldofart.org\/aktualno\/wp-content\/uploads\/2015\/06\/woa120.gif\" alt=\"Svet umetnosti \/ World of Art\" width=\"65\" height=\"47\" \/><\/p>\n<p>Projekt podpira\u00a0<a href=\"http:\/\/kulturanova.hr\/\" target=\"_blank\" rel=\"noopener noreferrer\"><strong>Zaklada Kultura nova<\/strong><\/a> v okviru programskega podro\u010dja razvoja skupnih platform v JV Evropi.<\/p>\n<p><img loading=\"lazy\" decoding=\"async\" class=\"alignnone wp-image-13950\" src=\"https:\/\/www.worldofart.org\/arhiv.worldofart.org\/aktualno\/wp-content\/uploads\/2018\/11\/zaklada-kultura-nova-730x324.jpg\" alt=\"\" width=\"137\" height=\"61\" srcset=\"https:\/\/www.worldofart.org\/arhiv.worldofart.org\/aktualno\/wp-content\/uploads\/2018\/11\/zaklada-kultura-nova-730x324.jpg 730w, https:\/\/www.worldofart.org\/arhiv.worldofart.org\/aktualno\/wp-content\/uploads\/2018\/11\/zaklada-kultura-nova-338x150.jpg 338w, https:\/\/www.worldofart.org\/arhiv.worldofart.org\/aktualno\/wp-content\/uploads\/2018\/11\/zaklada-kultura-nova.jpg 768w\" sizes=\"(max-width: 137px) 100vw, 137px\" \/><\/p>\n","protected":false},"excerpt":{"rendered":"<p>Predavanje<br \/>\n<strong>\u010cetrtek, 20. 12. 2018, ob 18. uri<\/strong><br \/>\nGalerija \u0160kuc, Ljubljana<\/p>\n","protected":false},"author":1,"featured_media":14046,"comment_status":"closed","ping_status":"closed","sticky":false,"template":"","format":"standard","meta":{"footnotes":""},"categories":[50,7],"tags":[],"_links":{"self":[{"href":"https:\/\/www.worldofart.org\/arhiv.worldofart.org\/aktualno\/wp-json\/wp\/v2\/posts\/14045"}],"collection":[{"href":"https:\/\/www.worldofart.org\/arhiv.worldofart.org\/aktualno\/wp-json\/wp\/v2\/posts"}],"about":[{"href":"https:\/\/www.worldofart.org\/arhiv.worldofart.org\/aktualno\/wp-json\/wp\/v2\/types\/post"}],"author":[{"embeddable":true,"href":"https:\/\/www.worldofart.org\/arhiv.worldofart.org\/aktualno\/wp-json\/wp\/v2\/users\/1"}],"replies":[{"embeddable":true,"href":"https:\/\/www.worldofart.org\/arhiv.worldofart.org\/aktualno\/wp-json\/wp\/v2\/comments?post=14045"}],"version-history":[{"count":11,"href":"https:\/\/www.worldofart.org\/arhiv.worldofart.org\/aktualno\/wp-json\/wp\/v2\/posts\/14045\/revisions"}],"predecessor-version":[{"id":14216,"href":"https:\/\/www.worldofart.org\/arhiv.worldofart.org\/aktualno\/wp-json\/wp\/v2\/posts\/14045\/revisions\/14216"}],"wp:featuredmedia":[{"embeddable":true,"href":"https:\/\/www.worldofart.org\/arhiv.worldofart.org\/aktualno\/wp-json\/wp\/v2\/media\/14046"}],"wp:attachment":[{"href":"https:\/\/www.worldofart.org\/arhiv.worldofart.org\/aktualno\/wp-json\/wp\/v2\/media?parent=14045"}],"wp:term":[{"taxonomy":"category","embeddable":true,"href":"https:\/\/www.worldofart.org\/arhiv.worldofart.org\/aktualno\/wp-json\/wp\/v2\/categories?post=14045"},{"taxonomy":"post_tag","embeddable":true,"href":"https:\/\/www.worldofart.org\/arhiv.worldofart.org\/aktualno\/wp-json\/wp\/v2\/tags?post=14045"}],"curies":[{"name":"wp","href":"https:\/\/api.w.org\/{rel}","templated":true}]}}