{"id":15440,"date":"2021-06-01T09:09:57","date_gmt":"2021-06-01T07:09:57","guid":{"rendered":"http:\/\/www.worldofart.org\/aktualno\/?p=15440"},"modified":"2021-12-08T11:21:06","modified_gmt":"2021-12-08T09:21:06","slug":"katharina-gsollpointner-digitalna-empatija","status":"publish","type":"post","link":"https:\/\/www.worldofart.org\/arhiv.worldofart.org\/aktualno\/archives\/15440","title":{"rendered":"Katharina Gs\u00f6llpointner: Empatija v digitalnem prostoru"},"content":{"rendered":"<p>Svet umetnosti | Leto 18 | <a href=\"https:\/\/www.worldofart.org\/arhiv.worldofart.org\/aktualno\/paralelni-sistemi-vzpostavljanje-in-uveljavljanje-intermedijske-umetnosti\">Paralelni sistemi. Vzpostavljanje in uveljavljanje intermedijske umetnosti<\/a><\/p>\n<hr \/>\n<p>Spletno predavanje<br \/>\n<strong>Sreda, 9. 5. 2021, 19.00<br \/>\n<\/strong><span class=\"tojvnm2t a6sixzi8 abs2jz4q a8s20v7p t1p8iaqh k5wvi7nf q3lfd5jv pk4s997a bipmatt0 cebpdrjk qowsmv63 owwhemhu dp1hu0rb dhp61c6y iyyx5f41\">Predavanje s prisotnimi udele\u017eenci in udele\u017eenkami je potekalo na platformi Zoom.<\/span><\/p>\n<hr \/>\n<figure id=\"attachment_15441\" aria-describedby=\"caption-attachment-15441\" style=\"width: 730px\" class=\"wp-caption alignnone\"><img loading=\"lazy\" decoding=\"async\" class=\"wp-image-15441 size-large\" src=\"https:\/\/www.worldofart.org\/arhiv.worldofart.org\/aktualno\/wp-content\/uploads\/2020\/11\/Dominik-Gruenbuehel-Charlotta-Ruth-Still-from-Ghost-Audience-730x408.png\" alt=\"\" width=\"730\" height=\"408\" srcset=\"https:\/\/www.worldofart.org\/arhiv.worldofart.org\/aktualno\/wp-content\/uploads\/2020\/11\/Dominik-Gruenbuehel-Charlotta-Ruth-Still-from-Ghost-Audience-730x408.png 730w, https:\/\/www.worldofart.org\/arhiv.worldofart.org\/aktualno\/wp-content\/uploads\/2020\/11\/Dominik-Gruenbuehel-Charlotta-Ruth-Still-from-Ghost-Audience-338x189.png 338w, https:\/\/www.worldofart.org\/arhiv.worldofart.org\/aktualno\/wp-content\/uploads\/2020\/11\/Dominik-Gruenbuehel-Charlotta-Ruth-Still-from-Ghost-Audience-768x430.png 768w, https:\/\/www.worldofart.org\/arhiv.worldofart.org\/aktualno\/wp-content\/uploads\/2020\/11\/Dominik-Gruenbuehel-Charlotta-Ruth-Still-from-Ghost-Audience.png 928w\" sizes=\"(max-width: 730px) 100vw, 730px\" \/><figcaption id=\"caption-attachment-15441\" class=\"wp-caption-text\">Dominik Gr\u00fcnb\u00fchel &amp; Charlotta Ruth, <em>Ghost Audience<\/em>, zajem, 2020.<\/figcaption><\/figure>\n<p>Med porastom spletnih vsebin zaradi epidemije covid-19 je znova postalo jasno, da med sre\u010danji v digitalnih sobah do\u017eivljamo veliko izgubo in trpimo zaradi pomanjkanja bli\u017eine drugih teles (\u201cteles drugih\u201d). Ne moremo se jih dotakniti, vohati, \u010dutiti, se jim pribli\u017eati ali se z njimi soo\u010diti. Ne moremo se ozreti naokrog. \u201cVidimo\u201d in \u201csli\u0161imo\u201d le digitalno in popa\u010deno sliko oziroma glas o\u010ditno drugih posameznikov ali posameznic, pri \u010demer ne moremo vedeti niti, ali je slika \u201czamrznjenega\u201d videoposnetka res zamrznjena ali je le nadomestna slika osebe, ki sploh ni prisotna. Katharina Gs\u00f6llpointner trdi, da nas pomanjkanje \u201cgotovosti\u201d, s kom komuniciramo v spletnih sejnih sobah (oseba\/njen glas, slika\/glas osebe ali mehanska fantazma), naredi v medsebojnih soo\u010danjih \u0161e bolj sumni\u010dave in previdne. Ker je uporaba na\u0161ega kinesteti\u010dnega \u010duta klju\u010dnega pomena za dojemanje sebe kot dru\u017ebenega posameznika oziroma posameznice znotraj prostorsko-\u010dasovne matrike, lahko njegovo zanemarjanje v avdiovizualnih sejnih sobah povzro\u010di izgubo empati\u010dnih sposobnosti.<\/p>\n<p>Umetnost to \u201cpraznino\u201d digitalnega drugega posku\u0161a prese\u010di z eksperimentiranjem z razli\u010dnimi estetskimi intervencijami, tako v okoljih obogatene kot navidezne resni\u010dnosti, z videom ali spletnimi performansi. Predavateljica bo predstavila nekaj umetni\u0161kih del in pokazala, kako se ukvarjajo z zna\u010dilnostmi kinesteti\u010dne modalnosti, da bi omogo\u010dila bolj \u201cempati\u010dno\u201d okolje v digitalnih prostorih.<\/p>\n<p>Predavanje bo v angle\u0161kem jeziku.<\/p>\n<hr \/>\n<p><img loading=\"lazy\" decoding=\"async\" class=\"alignleft size-full wp-image-15442\" src=\"https:\/\/www.worldofart.org\/arhiv.worldofart.org\/aktualno\/wp-content\/uploads\/2020\/11\/Katharina-Gsollpointner.jpg\" alt=\"\" width=\"100\" height=\"100\" srcset=\"https:\/\/www.worldofart.org\/arhiv.worldofart.org\/aktualno\/wp-content\/uploads\/2020\/11\/Katharina-Gsollpointner.jpg 475w, https:\/\/www.worldofart.org\/arhiv.worldofart.org\/aktualno\/wp-content\/uploads\/2020\/11\/Katharina-Gsollpointner-338x338.jpg 338w, https:\/\/www.worldofart.org\/arhiv.worldofart.org\/aktualno\/wp-content\/uploads\/2020\/11\/Katharina-Gsollpointner-140x140.jpg 140w\" sizes=\"(max-width: 100px) 100vw, 100px\" \/><strong>Katharina Gs\u00f6llpointner<\/strong> je teoreti\u010darka komunikacij, medijev in umetnosti, ki svoje raziskave usmerja v estetiko digitalne umetnosti, medijsko estetiko ter inter- in transdisciplinarnost umetnosti in znanosti. Kurirala in sokurirala je \u0161tevilne razstave in prireditve. V sodelovanju z umetni\u0161kim direktorjem Petrom Weiblom je organizirala odmevne festivale\u00a0<em>Ars Electronica<\/em>\u00a0med 1991 in 1995 in kurirala razstavi\u00a0<em>Digital Synesthesia<\/em> na Dunaju in v Hongkongu leta 2016. Od leta 2006 pou\u010duje in raziskuje na Univerzi uporabnih umetnosti na Dunaju. Pred tem je delala kot univerzitetna predavateljica teorije medijev in zgodovine medijske umetnosti ter sti\u010di\u0161\u010d teorije sistemov, umetnosti in radikalnega konstruktivizma na razli\u010dnih evropskih univerzah; med drugim je bila gostujo\u010da profesorica na Univerzi v Bremnu. Katharina Gs\u00f6llpointner\u00a0 je zasnovala, organizirala in vodila vrsto transdisciplinarnih raziskovalnih projektov o vidikih medijske estetike, vklju\u010dno z <em>Aesthetic Know-How. Language \u2013 Technology \u2013 Mediality\u00a0<\/em>(2007\u20132009) and\u00a0<em>Digital Synesthesia<\/em>\u00a0(2013\u20132016). Vse od 80. let minulega stoletja objavlja o zgodovini intermedijske umetnosti, kibernetiki umetnosti in medijski estetiki. V habilitacijski nalogi iz leta 2015\u00a0<em>Intermedijska produkcija in multimodalno zaznavanje: o estetiki digitalne umetnosti<\/em> je oblikovala teorijo digitalne umetnosti kot estetskega modela multimodalnosti zaznavnih procesov. (foto: Ana Loureiro Fernandes)<br \/>\n<a href=\"http:\/\/www.katharinagsoellpointner.at\" target=\"_blank\" rel=\"noopener noreferrer\">Spletna stran predavateljice<\/a><\/p>\n<hr \/>\n<p style=\"font-weight: 400;\">Predavanje je del cikla\u00a0<a href=\"https:\/\/www.worldofart.org\/arhiv.worldofart.org\/aktualno\/paralelni-sistemi-vzpostavljanje-in-uveljavljanje-intermedijske-umetnosti\" target=\"_blank\" rel=\"noopener noreferrer\" data-saferedirecturl=\"https:\/\/www.google.com\/url?q=https:\/\/www.worldofart.org\/arhiv.worldofart.org\/aktualno\/paralelni-sistemi-vzpostavljanje-in-uveljavljanje-intermedijske-umetnosti&amp;source=gmail&amp;ust=1606293590858000&amp;usg=AFQjCNGEwL4TczvUzp0s2Xxb44_zHq8Alw\"><strong><em>Paralelni sistemi. Vzpostavljanje in uveljavljanje intermedijske umetnosti<\/em><\/strong><\/a>, ki ga pripravljata \u0160ola za kuratorske prakse in kriti\u0161ko pisanje Svet umetnosti in\u00a0Dru\u0161tvo Igor Zabel za kulturo in teorijo v sodelovanju s projektom Svet okoli nas.<\/p>\n<p style=\"font-weight: 400;\">Program podpirajo: Mestna ob\u010dina Ljubljana \u2013 Oddelek za kulturo, Erste sklad in sklad Kultura nova.<\/p>\n<p><img loading=\"lazy\" decoding=\"async\" class=\"alignnone wp-image-9131\" src=\"https:\/\/www.worldofart.org\/arhiv.worldofart.org\/aktualno\/wp-content\/uploads\/2016\/11\/SU-logo.png\" alt=\"\" width=\"48\" height=\"48\" srcset=\"https:\/\/www.worldofart.org\/arhiv.worldofart.org\/aktualno\/wp-content\/uploads\/2016\/11\/SU-logo.png 600w, https:\/\/www.worldofart.org\/arhiv.worldofart.org\/aktualno\/wp-content\/uploads\/2016\/11\/SU-logo-150x150.png 150w, https:\/\/www.worldofart.org\/arhiv.worldofart.org\/aktualno\/wp-content\/uploads\/2016\/11\/SU-logo-300x300.png 300w\" sizes=\"(max-width: 48px) 100vw, 48px\" \/> \u00a0 <img loading=\"lazy\" decoding=\"async\" class=\"alignnone wp-image-7192\" src=\"https:\/\/www.worldofart.org\/arhiv.worldofart.org\/aktualno\/wp-content\/uploads\/2015\/03\/igor_zabel_logo.gif\" alt=\"\" width=\"73\" height=\"44\" \/> \u00a0\u00a0 \u00a0 \u00a0<img loading=\"lazy\" decoding=\"async\" class=\"alignnone wp-image-10306\" src=\"https:\/\/www.worldofart.org\/arhiv.worldofart.org\/aktualno\/wp-content\/uploads\/2017\/01\/mol-logo.jpg\" alt=\"\" width=\"85\" height=\"33\" srcset=\"https:\/\/www.worldofart.org\/arhiv.worldofart.org\/aktualno\/wp-content\/uploads\/2017\/01\/mol-logo.jpg 308w, https:\/\/www.worldofart.org\/arhiv.worldofart.org\/aktualno\/wp-content\/uploads\/2017\/01\/mol-logo-300x117.jpg 300w\" sizes=\"(max-width: 85px) 100vw, 85px\" \/> \u00a0 \u00a0\u00a0<img loading=\"lazy\" decoding=\"async\" class=\"alignnone wp-image-14792\" src=\"https:\/\/www.worldofart.org\/arhiv.worldofart.org\/aktualno\/wp-content\/uploads\/2019\/10\/Erstestiftung_Logo_RGB.png\" alt=\"\" width=\"69\" height=\"27\" srcset=\"https:\/\/www.worldofart.org\/arhiv.worldofart.org\/aktualno\/wp-content\/uploads\/2019\/10\/Erstestiftung_Logo_RGB.png 2376w, https:\/\/www.worldofart.org\/arhiv.worldofart.org\/aktualno\/wp-content\/uploads\/2019\/10\/Erstestiftung_Logo_RGB-338x131.png 338w, https:\/\/www.worldofart.org\/arhiv.worldofart.org\/aktualno\/wp-content\/uploads\/2019\/10\/Erstestiftung_Logo_RGB-768x299.png 768w, https:\/\/www.worldofart.org\/arhiv.worldofart.org\/aktualno\/wp-content\/uploads\/2019\/10\/Erstestiftung_Logo_RGB-730x284.png 730w\" sizes=\"(max-width: 69px) 100vw, 69px\" \/> \u00a0\u00a0\u00a0 <img loading=\"lazy\" decoding=\"async\" class=\"alignnone wp-image-13950\" src=\"https:\/\/www.worldofart.org\/arhiv.worldofart.org\/aktualno\/wp-content\/uploads\/2018\/11\/zaklada-kultura-nova-338x150.jpg\" alt=\"\" width=\"68\" height=\"30\" srcset=\"https:\/\/www.worldofart.org\/arhiv.worldofart.org\/aktualno\/wp-content\/uploads\/2018\/11\/zaklada-kultura-nova-338x150.jpg 338w, https:\/\/www.worldofart.org\/arhiv.worldofart.org\/aktualno\/wp-content\/uploads\/2018\/11\/zaklada-kultura-nova.jpg 768w, https:\/\/www.worldofart.org\/arhiv.worldofart.org\/aktualno\/wp-content\/uploads\/2018\/11\/zaklada-kultura-nova-730x324.jpg 730w\" sizes=\"(max-width: 68px) 100vw, 68px\" \/><\/p>\n","protected":false},"excerpt":{"rendered":"<p>Spletno predavanje<br \/>\nSreda, 9. 5. 2021, 19.00<\/p>\n","protected":false},"author":1,"featured_media":15441,"comment_status":"closed","ping_status":"closed","sticky":false,"template":"","format":"standard","meta":{"footnotes":""},"categories":[51,7,10,43],"tags":[],"_links":{"self":[{"href":"https:\/\/www.worldofart.org\/arhiv.worldofart.org\/aktualno\/wp-json\/wp\/v2\/posts\/15440"}],"collection":[{"href":"https:\/\/www.worldofart.org\/arhiv.worldofart.org\/aktualno\/wp-json\/wp\/v2\/posts"}],"about":[{"href":"https:\/\/www.worldofart.org\/arhiv.worldofart.org\/aktualno\/wp-json\/wp\/v2\/types\/post"}],"author":[{"embeddable":true,"href":"https:\/\/www.worldofart.org\/arhiv.worldofart.org\/aktualno\/wp-json\/wp\/v2\/users\/1"}],"replies":[{"embeddable":true,"href":"https:\/\/www.worldofart.org\/arhiv.worldofart.org\/aktualno\/wp-json\/wp\/v2\/comments?post=15440"}],"version-history":[{"count":16,"href":"https:\/\/www.worldofart.org\/arhiv.worldofart.org\/aktualno\/wp-json\/wp\/v2\/posts\/15440\/revisions"}],"predecessor-version":[{"id":15848,"href":"https:\/\/www.worldofart.org\/arhiv.worldofart.org\/aktualno\/wp-json\/wp\/v2\/posts\/15440\/revisions\/15848"}],"wp:featuredmedia":[{"embeddable":true,"href":"https:\/\/www.worldofart.org\/arhiv.worldofart.org\/aktualno\/wp-json\/wp\/v2\/media\/15441"}],"wp:attachment":[{"href":"https:\/\/www.worldofart.org\/arhiv.worldofart.org\/aktualno\/wp-json\/wp\/v2\/media?parent=15440"}],"wp:term":[{"taxonomy":"category","embeddable":true,"href":"https:\/\/www.worldofart.org\/arhiv.worldofart.org\/aktualno\/wp-json\/wp\/v2\/categories?post=15440"},{"taxonomy":"post_tag","embeddable":true,"href":"https:\/\/www.worldofart.org\/arhiv.worldofart.org\/aktualno\/wp-json\/wp\/v2\/tags?post=15440"}],"curies":[{"name":"wp","href":"https:\/\/api.w.org\/{rel}","templated":true}]}}