{"id":15623,"date":"2021-04-29T15:45:17","date_gmt":"2021-04-29T13:45:17","guid":{"rendered":"http:\/\/www.worldofart.org\/aktualno\/?p=15623"},"modified":"2021-12-08T11:21:27","modified_gmt":"2021-12-08T09:21:27","slug":"naslednjih-21-dni-bo-kljucnih","status":"publish","type":"post","link":"https:\/\/www.worldofart.org\/arhiv.worldofart.org\/aktualno\/archives\/15623","title":{"rendered":"Naslednjih 21 dni bo klju\u010dnih"},"content":{"rendered":"<p><img loading=\"lazy\" decoding=\"async\" class=\"alignnone size-large wp-image-15633\" src=\"https:\/\/www.worldofart.org\/arhiv.worldofart.org\/aktualno\/wp-content\/uploads\/2021\/04\/SCCA-Naslednjih-21-dni-bo-kljuc\u030cnih-13.-5\u20132.-6.-2021_SPLETNA-EXH-730x487.jpg\" alt=\"\" width=\"730\" height=\"487\" srcset=\"https:\/\/www.worldofart.org\/arhiv.worldofart.org\/aktualno\/wp-content\/uploads\/2021\/04\/SCCA-Naslednjih-21-dni-bo-kljuc\u030cnih-13.-5\u20132.-6.-2021_SPLETNA-EXH-730x487.jpg 730w, https:\/\/www.worldofart.org\/arhiv.worldofart.org\/aktualno\/wp-content\/uploads\/2021\/04\/SCCA-Naslednjih-21-dni-bo-kljuc\u030cnih-13.-5\u20132.-6.-2021_SPLETNA-EXH-338x225.jpg 338w, https:\/\/www.worldofart.org\/arhiv.worldofart.org\/aktualno\/wp-content\/uploads\/2021\/04\/SCCA-Naslednjih-21-dni-bo-kljuc\u030cnih-13.-5\u20132.-6.-2021_SPLETNA-EXH-768x512.jpg 768w, https:\/\/www.worldofart.org\/arhiv.worldofart.org\/aktualno\/wp-content\/uploads\/2021\/04\/SCCA-Naslednjih-21-dni-bo-kljuc\u030cnih-13.-5\u20132.-6.-2021_SPLETNA-EXH.jpg 1200w\" sizes=\"(max-width: 730px) 100vw, 730px\" \/><\/p>\n<h3><strong>Naslednjih 21 dni bo klju\u010dnih<\/strong><\/h3>\n<p>Letna razstava 18. leta \u0161ole Svet umetnosti v Galeriji \u0160kuc<br \/>\n<strong>13. 5.\u20132. 6. 2021, Galerija \u0160kuc<\/strong><\/p>\n<p>Umetnice in umetniki: <strong>Beli sladoled, Nata\u0161a Berk, Aldo Giannotti, Adrijan Praznik, Simona Semeni\u010d &amp; Nada \u017dgank, Small but dangers<\/strong><\/p>\n<p>Kuratorska skupina: <strong>Vesna Bukovec, Miha Kelemina, Lara Plav\u010dak<\/strong><\/p>\n<p>Pri pripravi in izvedbi razstave sodelujejo udele\u017eenke in udele\u017eenca 18. leta Sveta umetnosti: <strong>Katarina Bogataj, <\/strong><strong>Ajda Bra\u010di\u010d, <\/strong><strong>Bla\u017e Brumen, Janja Buze\u010dan, <\/strong><strong>Hana \u010ceferin<\/strong><strong>,<\/strong> <strong>Matev\u017e Jerman, <\/strong><strong>Ma\u0161a Knapi\u010d, Teja Kosi, Katarina Lipovac, <\/strong><strong>Teja Miholi\u010d, <\/strong><strong>Tamara Mlakar, <\/strong><strong>Ana Obid, Sanja Vati\u0107, <\/strong><strong>Eva \u017dibert, Ma\u0161a P. \u017dmitek<\/strong><\/p>\n<hr \/>\n<div><\/div>\n<p>Razstava <strong><em>Naslednjih 21 dni bo klju\u010dnih <\/em><\/strong>\u0160ole za kuratorske prakse in kriti\u0161ko pisanje Svet umetnosti sopostavlja umetni\u0161ka dela, ki se ukvarjajo z vpra\u0161anji lastnega nastanka, zakonitostmi umetnostnega sistema ali retradicionalizacijo dru\u017ebe prek kulture. Vsem delom je skupno neskladje med pri\u010dakovanim in dejanskim, humorna razre\u0161itev neskladnosti pa daje na\u0161emu pogledu ve\u010djo abstraktnost in obvladljivost. Negotova realnost zadnjega leta, katere posledice segajo tako v osebno kot dru\u017ebeno-politi\u010dno \u017eivljenje, je namre\u010d marsikdaj tako absurdna, da se nanjo lahko odzovemo le s humorjem. To pa je tudi eno od kuratorskih izhodi\u0161\u010d tokratne skupinske razstave.<\/p>\n<p><a href=\"https:\/\/www.worldofart.org\/arhiv.worldofart.org\/aktualno\/osemnajsto-leto-2021-2022\/naslednjih-21-dni-bo-kljucnih\"><strong>VE\u010c O RAZSTAVI<\/strong><\/a><\/p>\n<hr \/>\n<p><strong>Produkcija:<\/strong> SCCA, Zavod za sodobno umetnost \u2013 Ljubljana \/ Svet umetnosti<br \/>\n<strong>Koprodukcija:<\/strong> Galerija \u0160kuc<br \/>\n<strong>Razstavo podpirata:<\/strong> Mestna ob\u010dina Ljubljana \u2013 Oddelek za kulturo in Ministrstvo za kulturo Republike Slovenije<\/p>\n<p><img loading=\"lazy\" decoding=\"async\" class=\"alignnone size-full wp-image-14287\" src=\"https:\/\/www.worldofart.org\/arhiv.worldofart.org\/aktualno\/wp-content\/uploads\/2019\/05\/MK-logo-slo.png\" alt=\"\" width=\"143\" height=\"32\" srcset=\"https:\/\/www.worldofart.org\/arhiv.worldofart.org\/aktualno\/wp-content\/uploads\/2019\/05\/MK-logo-slo.png 667w, https:\/\/www.worldofart.org\/arhiv.worldofart.org\/aktualno\/wp-content\/uploads\/2019\/05\/MK-logo-slo-338x76.png 338w\" sizes=\"(max-width: 143px) 100vw, 143px\" \/> \u00a0\u00a0\u00a0\u00a0<img decoding=\"async\" class=\"alignnone size-full wp-image-10306\" src=\"https:\/\/www.worldofart.org\/arhiv.worldofart.org\/aktualno\/wp-content\/uploads\/2017\/01\/mol-logo.jpg\" alt=\"\" width=\"97\" srcset=\"https:\/\/www.worldofart.org\/arhiv.worldofart.org\/aktualno\/wp-content\/uploads\/2017\/01\/mol-logo.jpg 308w, https:\/\/www.worldofart.org\/arhiv.worldofart.org\/aktualno\/wp-content\/uploads\/2017\/01\/mol-logo-300x117.jpg 300w\" sizes=\"(max-width: 308px) 100vw, 308px\" \/> \u00a0\u00a0\u00a0\u00a0<img decoding=\"async\" class=\"alignnone size-full wp-image-13694\" src=\"https:\/\/www.worldofart.org\/arhiv.worldofart.org\/aktualno\/wp-content\/uploads\/2018\/09\/sccaslo-logo.png\" alt=\"\" width=\"116\" srcset=\"https:\/\/www.worldofart.org\/arhiv.worldofart.org\/aktualno\/wp-content\/uploads\/2018\/09\/sccaslo-logo.png 643w, https:\/\/www.worldofart.org\/arhiv.worldofart.org\/aktualno\/wp-content\/uploads\/2018\/09\/sccaslo-logo-338x46.png 338w\" sizes=\"(max-width: 643px) 100vw, 643px\" \/> \u00a0\u00a0\u00a0\u00a0<img decoding=\"async\" class=\"alignnone size-full wp-image-9740\" src=\"https:\/\/www.worldofart.org\/arhiv.worldofart.org\/aktualno\/wp-content\/uploads\/2016\/11\/SU-logo-100.png\" alt=\"\" width=\"60\" \/> \u00a0\u00a0\u00a0\u00a0<img loading=\"lazy\" decoding=\"async\" class=\"alignnone size-full wp-image-14288\" src=\"https:\/\/www.worldofart.org\/arhiv.worldofart.org\/aktualno\/wp-content\/uploads\/2019\/05\/galerija-skuc-logo.png\" alt=\"\" width=\"26\" height=\"55\" srcset=\"https:\/\/www.worldofart.org\/arhiv.worldofart.org\/aktualno\/wp-content\/uploads\/2019\/05\/galerija-skuc-logo.png 312w, https:\/\/www.worldofart.org\/arhiv.worldofart.org\/aktualno\/wp-content\/uploads\/2019\/05\/galerija-skuc-logo-236x500.png 236w\" sizes=\"(max-width: 26px) 100vw, 26px\" \/><\/p>\n","protected":false},"excerpt":{"rendered":"<p>Letna razstava 18. leta \u0161ole Svet umetnosti<br \/>\n<strong>13. 5.\u20132. 6. 2021, Galerija \u0160kuc<\/strong><\/p>\n","protected":false},"author":1,"featured_media":15633,"comment_status":"closed","ping_status":"closed","sticky":false,"template":"","format":"standard","meta":{"footnotes":""},"categories":[51,7,43],"tags":[],"_links":{"self":[{"href":"https:\/\/www.worldofart.org\/arhiv.worldofart.org\/aktualno\/wp-json\/wp\/v2\/posts\/15623"}],"collection":[{"href":"https:\/\/www.worldofart.org\/arhiv.worldofart.org\/aktualno\/wp-json\/wp\/v2\/posts"}],"about":[{"href":"https:\/\/www.worldofart.org\/arhiv.worldofart.org\/aktualno\/wp-json\/wp\/v2\/types\/post"}],"author":[{"embeddable":true,"href":"https:\/\/www.worldofart.org\/arhiv.worldofart.org\/aktualno\/wp-json\/wp\/v2\/users\/1"}],"replies":[{"embeddable":true,"href":"https:\/\/www.worldofart.org\/arhiv.worldofart.org\/aktualno\/wp-json\/wp\/v2\/comments?post=15623"}],"version-history":[{"count":30,"href":"https:\/\/www.worldofart.org\/arhiv.worldofart.org\/aktualno\/wp-json\/wp\/v2\/posts\/15623\/revisions"}],"predecessor-version":[{"id":15804,"href":"https:\/\/www.worldofart.org\/arhiv.worldofart.org\/aktualno\/wp-json\/wp\/v2\/posts\/15623\/revisions\/15804"}],"wp:featuredmedia":[{"embeddable":true,"href":"https:\/\/www.worldofart.org\/arhiv.worldofart.org\/aktualno\/wp-json\/wp\/v2\/media\/15633"}],"wp:attachment":[{"href":"https:\/\/www.worldofart.org\/arhiv.worldofart.org\/aktualno\/wp-json\/wp\/v2\/media?parent=15623"}],"wp:term":[{"taxonomy":"category","embeddable":true,"href":"https:\/\/www.worldofart.org\/arhiv.worldofart.org\/aktualno\/wp-json\/wp\/v2\/categories?post=15623"},{"taxonomy":"post_tag","embeddable":true,"href":"https:\/\/www.worldofart.org\/arhiv.worldofart.org\/aktualno\/wp-json\/wp\/v2\/tags?post=15623"}],"curies":[{"name":"wp","href":"https:\/\/api.w.org\/{rel}","templated":true}]}}