{"id":15879,"date":"2021-12-08T11:20:11","date_gmt":"2021-12-08T09:20:11","guid":{"rendered":"http:\/\/www.worldofart.org\/aktualno\/?p=15879"},"modified":"2022-01-12T14:24:46","modified_gmt":"2022-01-12T12:24:46","slug":"ivana-bago-naslov-umetnosti-in-njenih-ekspozicij","status":"publish","type":"post","link":"https:\/\/www.worldofart.org\/arhiv.worldofart.org\/aktualno\/archives\/15879","title":{"rendered":"Ivana Bago: Naslov umetnosti in njenih ekspozicij"},"content":{"rendered":"<p>Svet umetnosti | Leto 18 | Niz javnih predavanj<\/p>\n<hr \/>\n<p>Predavanje<\/p>\n<p><strong>Torek, 14. 12. 2021, 18.00<\/strong><br \/>\nProjektna soba SCCA, Metelkova 6, Ljubljana<\/p>\n<hr \/>\n<p><img loading=\"lazy\" decoding=\"async\" class=\"alignnone size-large wp-image-15880\" src=\"https:\/\/www.worldofart.org\/arhiv.worldofart.org\/aktualno\/wp-content\/uploads\/2021\/12\/Bago-naslovka-730x411.jpg\" alt=\"\" width=\"730\" height=\"411\" srcset=\"https:\/\/www.worldofart.org\/arhiv.worldofart.org\/aktualno\/wp-content\/uploads\/2021\/12\/Bago-naslovka-730x411.jpg 730w, https:\/\/www.worldofart.org\/arhiv.worldofart.org\/aktualno\/wp-content\/uploads\/2021\/12\/Bago-naslovka-338x190.jpg 338w, https:\/\/www.worldofart.org\/arhiv.worldofart.org\/aktualno\/wp-content\/uploads\/2021\/12\/Bago-naslovka-768x432.jpg 768w, https:\/\/www.worldofart.org\/arhiv.worldofart.org\/aktualno\/wp-content\/uploads\/2021\/12\/Bago-naslovka-1536x864.jpg 1536w, https:\/\/www.worldofart.org\/arhiv.worldofart.org\/aktualno\/wp-content\/uploads\/2021\/12\/Bago-naslovka.jpg 1920w\" sizes=\"(max-width: 730px) 100vw, 730px\" \/><\/p>\n<p>\u010ceprav se izraz ekspozicija, katerega pomen obsega tako javni prikaz kot tudi dejanje predstavljanja in dokazovanja ideje ali teorije, v angle\u0161\u010dini zve\u010dine ve\u010d ne uporablja za poimenovanje velikih javnih razstav, je ta zelo primeren za obravnavo nara\u0161\u010dajo\u010de diskurzifikacije moderne in sodobne umetnosti. V dvajsetem stoletju je vse ve\u010dja mo\u010d jezika na podro\u010dju, prej znanem kot vizualna umetnost, usmerila umetnost stran od razstave k ekspoziciji, pri \u010demer je konceptualna umetnost predstavljala vrhunec kontaminacije podobe z besedami. Doma\u010dnost tega, kar je danes znano kot sodobna umetnost, s tradicijami filozofije in kriti\u010dne teorije pri\u010da o dolgo\u017eivosti vezi med \u201cumetnostjo in jezikom\u201d in o vplivu, ki ga je ta imela pri vzpostavljanju sodobne umetnosti kot politizirane kulturne prakse in hkrati prakse, ki je \u0161e posebej dobro prilagojena razmeram tako imenovanega kognitivnega kapitalizma. Na predavanju bo Ivana Bago razvila idejo, naj se na institucijo naslova gleda kot na mesto, na katerem je mogo\u010de preu\u010devati ta protislovni polo\u017eaj diskurzivnega in konceptualnega v sodobni umetnosti in njenih razstavah.<\/p>\n<p>Predavanje bo potekalo v angle\u0161kem jeziku. Sledil mu bo pogovor.<\/p>\n<p>Za udele\u017ebo na predavanju se je potrebno predhodno prijaviti na: <a href=\"mailto:info@scca-ljubljana.si\">info@scca-ljubljana.si<\/a> in izpolnjevati enega od pogojev PCT.<\/p>\n<hr \/>\n<p><strong><img loading=\"lazy\" decoding=\"async\" class=\"alignleft size-full wp-image-15881\" src=\"https:\/\/www.worldofart.org\/arhiv.worldofart.org\/aktualno\/wp-content\/uploads\/2021\/12\/Ivana-Bago_.jpg\" alt=\"\" width=\"100\" height=\"100\" srcset=\"https:\/\/www.worldofart.org\/arhiv.worldofart.org\/aktualno\/wp-content\/uploads\/2021\/12\/Ivana-Bago_.jpg 400w, https:\/\/www.worldofart.org\/arhiv.worldofart.org\/aktualno\/wp-content\/uploads\/2021\/12\/Ivana-Bago_-338x338.jpg 338w, https:\/\/www.worldofart.org\/arhiv.worldofart.org\/aktualno\/wp-content\/uploads\/2021\/12\/Ivana-Bago_-140x140.jpg 140w\" sizes=\"(max-width: 100px) 100vw, 100px\" \/>Ivana Bago<\/strong> je neodvisna strokovnjakinja, pisateljica in kuratorka iz Zagreba. Doktorirala je iz umetnostne zgodovine in vizualne kulture na Duke University in je soustanoviteljica (skupaj z Antonio Majaca) in\u0161tituta Delve | Institute for Duration, Location and Variables (<a href=\"https:\/\/delve.hr\/\" target=\"_blank\" rel=\"noopener\">www.delve.hr<\/a>). Njeni prispevki o (post)jugoslovanski umetnosti, sodobni umetnosti in teoriji so bili objavljeni v akademskih tiskovinah in \u010dasopisih, kot tudi v revijah, kot sta <em>e-flux journal<\/em> in <em>Artforum<\/em>. Je v uredni\u0161kem odboru revije <em>ARTMargins<\/em> in je prejemnica nagrade Igor Zabel za leto 2020. Njeni kuratorski projekti med drugim vklju\u010dujejo: <em>Moving Forwards, Counting Backwards<\/em> (MUAC, Mexico City, 2012), <em>Where Everything is Yet to Happen<\/em> (Bienale Spaport, Banja Luka, 2009\/10), <em>The Orange Dog and Other Tales<\/em> (Zagreb, 2009), <em>Stalking with Stories<\/em> (Apexart, New York, 2007). Trenutno pi\u0161e knjigo <em>Yugoslav Aesthetics: Monuments to History\u2019s Bare Bones, 1908\u20132018<\/em> ter razvija raziskovalni in zalo\u017eni\u0161ki projekt o delu in osebnem arhivu Sanje Ivekovi\u0107.<\/p>\n<hr \/>\n<p>Foto: arhiv SCCA-Ljubljana<\/p>\n<div id='gallery-1' class='gallery galleryid-15879 gallery-columns-5 gallery-size-thumbnail'><figure class='gallery-item'>\n\t\t\t<div class='gallery-icon landscape'>\n\t\t\t\t<a href='https:\/\/www.worldofart.org\/arhiv.worldofart.org\/aktualno\/wp-content\/uploads\/2021\/12\/Ivana-Bago-SCCA-2021_1.jpg' rel=\"lightbox[15879]\"><img loading=\"lazy\" decoding=\"async\" width=\"140\" height=\"140\" src=\"https:\/\/www.worldofart.org\/arhiv.worldofart.org\/aktualno\/wp-content\/uploads\/2021\/12\/Ivana-Bago-SCCA-2021_1-140x140.jpg\" class=\"attachment-thumbnail size-thumbnail\" alt=\"\" \/><\/a>\n\t\t\t<\/div><\/figure><figure class='gallery-item'>\n\t\t\t<div class='gallery-icon landscape'>\n\t\t\t\t<a href='https:\/\/www.worldofart.org\/arhiv.worldofart.org\/aktualno\/wp-content\/uploads\/2021\/12\/Ivana-Bago-SCCA-2021_6.jpg' rel=\"lightbox[15879]\"><img loading=\"lazy\" decoding=\"async\" width=\"140\" height=\"140\" src=\"https:\/\/www.worldofart.org\/arhiv.worldofart.org\/aktualno\/wp-content\/uploads\/2021\/12\/Ivana-Bago-SCCA-2021_6-140x140.jpg\" class=\"attachment-thumbnail size-thumbnail\" alt=\"\" \/><\/a>\n\t\t\t<\/div><\/figure><figure class='gallery-item'>\n\t\t\t<div class='gallery-icon landscape'>\n\t\t\t\t<a href='https:\/\/www.worldofart.org\/arhiv.worldofart.org\/aktualno\/wp-content\/uploads\/2021\/12\/Ivana-Bago-SCCA-2021_3.jpg' rel=\"lightbox[15879]\"><img loading=\"lazy\" decoding=\"async\" width=\"140\" height=\"140\" src=\"https:\/\/www.worldofart.org\/arhiv.worldofart.org\/aktualno\/wp-content\/uploads\/2021\/12\/Ivana-Bago-SCCA-2021_3-140x140.jpg\" class=\"attachment-thumbnail size-thumbnail\" alt=\"\" \/><\/a>\n\t\t\t<\/div><\/figure><figure class='gallery-item'>\n\t\t\t<div class='gallery-icon landscape'>\n\t\t\t\t<a href='https:\/\/www.worldofart.org\/arhiv.worldofart.org\/aktualno\/wp-content\/uploads\/2021\/12\/Ivana-Bago-SCCA-2021_4.jpg' rel=\"lightbox[15879]\"><img loading=\"lazy\" decoding=\"async\" width=\"140\" height=\"140\" src=\"https:\/\/www.worldofart.org\/arhiv.worldofart.org\/aktualno\/wp-content\/uploads\/2021\/12\/Ivana-Bago-SCCA-2021_4-140x140.jpg\" class=\"attachment-thumbnail size-thumbnail\" alt=\"\" \/><\/a>\n\t\t\t<\/div><\/figure><figure class='gallery-item'>\n\t\t\t<div class='gallery-icon landscape'>\n\t\t\t\t<a href='https:\/\/www.worldofart.org\/arhiv.worldofart.org\/aktualno\/wp-content\/uploads\/2021\/12\/Ivana-Bago-SCCA-2021_5.jpg' rel=\"lightbox[15879]\"><img loading=\"lazy\" decoding=\"async\" width=\"140\" height=\"140\" src=\"https:\/\/www.worldofart.org\/arhiv.worldofart.org\/aktualno\/wp-content\/uploads\/2021\/12\/Ivana-Bago-SCCA-2021_5-140x140.jpg\" class=\"attachment-thumbnail size-thumbnail\" alt=\"\" \/><\/a>\n\t\t\t<\/div><\/figure>\n\t\t<\/div>\n\n<hr \/>\n<p>Program podpirata: Mestna ob\u010dina Ljubljana \u2013 Oddelek za kulturo in sklad Kultura nova.<\/p>\n<p><img loading=\"lazy\" decoding=\"async\" class=\"alignnone wp-image-13694\" src=\"https:\/\/www.worldofart.org\/arhiv.worldofart.org\/aktualno\/wp-content\/uploads\/2018\/09\/sccaslo-logo.png\" alt=\"\" width=\"161\" height=\"22\" srcset=\"https:\/\/www.worldofart.org\/arhiv.worldofart.org\/aktualno\/wp-content\/uploads\/2018\/09\/sccaslo-logo.png 643w, https:\/\/www.worldofart.org\/arhiv.worldofart.org\/aktualno\/wp-content\/uploads\/2018\/09\/sccaslo-logo-338x46.png 338w\" sizes=\"(max-width: 161px) 100vw, 161px\" \/>\u00a0 \u00a0 \u00a0 <img loading=\"lazy\" decoding=\"async\" class=\"alignnone wp-image-9131\" src=\"https:\/\/www.worldofart.org\/arhiv.worldofart.org\/aktualno\/wp-content\/uploads\/2016\/11\/SU-logo.png\" alt=\"\" width=\"48\" height=\"48\" srcset=\"https:\/\/www.worldofart.org\/arhiv.worldofart.org\/aktualno\/wp-content\/uploads\/2016\/11\/SU-logo.png 600w, https:\/\/www.worldofart.org\/arhiv.worldofart.org\/aktualno\/wp-content\/uploads\/2016\/11\/SU-logo-150x150.png 150w, https:\/\/www.worldofart.org\/arhiv.worldofart.org\/aktualno\/wp-content\/uploads\/2016\/11\/SU-logo-300x300.png 300w\" sizes=\"(max-width: 48px) 100vw, 48px\" \/> \u00a0 \u00a0 \u00a0 \u00a0 \u00a0<img loading=\"lazy\" decoding=\"async\" class=\"alignnone wp-image-10306\" src=\"https:\/\/www.worldofart.org\/arhiv.worldofart.org\/aktualno\/wp-content\/uploads\/2017\/01\/mol-logo.jpg\" alt=\"\" width=\"85\" height=\"33\" srcset=\"https:\/\/www.worldofart.org\/arhiv.worldofart.org\/aktualno\/wp-content\/uploads\/2017\/01\/mol-logo.jpg 308w, https:\/\/www.worldofart.org\/arhiv.worldofart.org\/aktualno\/wp-content\/uploads\/2017\/01\/mol-logo-300x117.jpg 300w\" sizes=\"(max-width: 85px) 100vw, 85px\" \/> \u00a0 \u00a0\u00a0<img loading=\"lazy\" decoding=\"async\" class=\"alignnone wp-image-13950\" src=\"https:\/\/www.worldofart.org\/arhiv.worldofart.org\/aktualno\/wp-content\/uploads\/2018\/11\/zaklada-kultura-nova-338x150.jpg\" alt=\"\" width=\"68\" height=\"30\" srcset=\"https:\/\/www.worldofart.org\/arhiv.worldofart.org\/aktualno\/wp-content\/uploads\/2018\/11\/zaklada-kultura-nova-338x150.jpg 338w, https:\/\/www.worldofart.org\/arhiv.worldofart.org\/aktualno\/wp-content\/uploads\/2018\/11\/zaklada-kultura-nova.jpg 768w, https:\/\/www.worldofart.org\/arhiv.worldofart.org\/aktualno\/wp-content\/uploads\/2018\/11\/zaklada-kultura-nova-730x324.jpg 730w\" sizes=\"(max-width: 68px) 100vw, 68px\" \/><\/p>\n","protected":false},"excerpt":{"rendered":"<p>Predavanje<br \/>\n<strong>Torek, 14. 12. 2021, 18.00<\/strong><br \/>\nProjektna soba SCCA, Ljubljana<\/p>\n","protected":false},"author":1,"featured_media":15880,"comment_status":"closed","ping_status":"closed","sticky":false,"template":"","format":"standard","meta":{"footnotes":""},"categories":[44,51,7,10,43],"tags":[],"_links":{"self":[{"href":"https:\/\/www.worldofart.org\/arhiv.worldofart.org\/aktualno\/wp-json\/wp\/v2\/posts\/15879"}],"collection":[{"href":"https:\/\/www.worldofart.org\/arhiv.worldofart.org\/aktualno\/wp-json\/wp\/v2\/posts"}],"about":[{"href":"https:\/\/www.worldofart.org\/arhiv.worldofart.org\/aktualno\/wp-json\/wp\/v2\/types\/post"}],"author":[{"embeddable":true,"href":"https:\/\/www.worldofart.org\/arhiv.worldofart.org\/aktualno\/wp-json\/wp\/v2\/users\/1"}],"replies":[{"embeddable":true,"href":"https:\/\/www.worldofart.org\/arhiv.worldofart.org\/aktualno\/wp-json\/wp\/v2\/comments?post=15879"}],"version-history":[{"count":5,"href":"https:\/\/www.worldofart.org\/arhiv.worldofart.org\/aktualno\/wp-json\/wp\/v2\/posts\/15879\/revisions"}],"predecessor-version":[{"id":15931,"href":"https:\/\/www.worldofart.org\/arhiv.worldofart.org\/aktualno\/wp-json\/wp\/v2\/posts\/15879\/revisions\/15931"}],"wp:featuredmedia":[{"embeddable":true,"href":"https:\/\/www.worldofart.org\/arhiv.worldofart.org\/aktualno\/wp-json\/wp\/v2\/media\/15880"}],"wp:attachment":[{"href":"https:\/\/www.worldofart.org\/arhiv.worldofart.org\/aktualno\/wp-json\/wp\/v2\/media?parent=15879"}],"wp:term":[{"taxonomy":"category","embeddable":true,"href":"https:\/\/www.worldofart.org\/arhiv.worldofart.org\/aktualno\/wp-json\/wp\/v2\/categories?post=15879"},{"taxonomy":"post_tag","embeddable":true,"href":"https:\/\/www.worldofart.org\/arhiv.worldofart.org\/aktualno\/wp-json\/wp\/v2\/tags?post=15879"}],"curies":[{"name":"wp","href":"https:\/\/api.w.org\/{rel}","templated":true}]}}