{"id":212,"date":"2009-05-06T15:00:11","date_gmt":"2009-05-06T13:00:11","guid":{"rendered":"http:\/\/www.worldofart.org\/aktualno\/archives\/212"},"modified":"2018-07-10T13:50:11","modified_gmt":"2018-07-10T11:50:11","slug":"delavnica-video-esej-2009","status":"publish","type":"post","link":"https:\/\/www.worldofart.org\/arhiv.worldofart.org\/aktualno\/archives\/212","title":{"rendered":"Zemira Alajbegovi\u0107 in Neven Korda: Video esej"},"content":{"rendered":"<p>Laboratorij kuratorskih praks<br \/>\n2008\/2009<br \/>\nLetnik 12<\/p>\n<p>Delavnica \u0161t. 4<\/p>\n<p><strong>Od 22. 5. 2009 dalje <\/strong><br \/>\nProjektna soba SCCA, Metelkova 6, Ljubljana<br \/>\n<strong>Rok za prijavo podalj\u0161an: 19. maj 2009<\/strong><\/p>\n<hr \/>\n<p>Namen delavnice je seznanitev s teorijo in prakso video eseja na podro\u010dju kulture in umetnosti. <\/p>\n<p>V okviru delavnice se udele\u017eenci preizkusijo v vseh fazah nastanka video eseja. Udele\u017eenci se bodo nau\u010dili snemanja izbranega razstavnega dogodka, pisanja scenarija video eseja, izbiranja sogovornikov in sodelovanja z monta\u017eerjem pri dokon\u010danju eseja, ki ga bodo opremili z glasbo in napisi.<\/p>\n<p>Video esej o likovnem dogodku ima pred drugimi mediji prednost v tem, da dogodek lahko delno ali v celoti poka\u017ee gledalcem, hkrati pa lahko predstavi tudi avtorje, kustose in druge vpletene. Pomembno je, kako dogodek posnamemo, kako iz posnetega materiala izberemo sliko in kak\u0161no je razmerje med podobo in besedo pri oblikovanju eseja.<\/p>\n<p>Tematika video eseja bo \u0161tudijska razstava <strong>Postaja DIVA<\/strong> Zavoda SCCA-Ljubljana, ki se bo odprla 28. 5. 2009 v Galeriji \u0160kuc. Postaja DIVA bo predstavila SCCA AV arhiv kot &#8220;\u017eivi arhiv&#8221; z didakti\u010dnim momentom, prakti\u010dnimi demonstracijami, teoretskimi prispevki, reprezentativnimi video deli, kuratorskimi izbori in mednarodnimi povezavami.<\/p>\n<hr \/>\n<p><strong>URNIK<\/strong><\/p>\n<p><strong>Delavnica uporabnega videa &#8211; teorija, 1. del<\/strong><br \/>\n              <strong>22. maj (petek), ob 17. uri<\/strong><\/p>\n<ul>\n<li>ogled  televizijski prispevkov in oddaj o likovnih dogodkih<\/li>\n<li>izdelava  scenarija in organizacija dela<\/li>\n<\/ul>\n<p><strong>28. maj (\u010detrtek)<\/strong><br \/>\n\t\t\t  Snemalni dnevi na terenu  po dogovoru.<br \/>\n\t\t\t  Seznanitev s pravili  snemanja in monta\u017ee.<br \/>\n\t\t\t  Snema se predvidoma 4 dni  po 4 ure na dan, glede na dogovor, scenarij in program razstave.<br \/>\n\t\t\t  Po zaklju\u010dku dogovorjenih  snemalnih dni<\/p>\n<p><strong>Delavnica uporabnega videa &#8211; monta\u017ea in  postprodukcija, 2. del:<\/strong><\/p>\n<ul>\n<li>postprodukcija:  pisanje in branje teksta<\/li>\n<li>monta\u017ea  prispevka<\/li>\n<li>ogled  narejenih prispevkov in pogovor o snemalni temi.<\/li>\n<\/ul>\n<hr \/>\n<p><strong>Mentorja<\/strong> delavnice sta <a href=\"https:\/\/www.worldofart.org\/arhiv.worldofart.org\/aktualno\/seminar\/voditelji-delavnic\/\">Zemira Alajbegovi\u0107<\/a> in <a href=\"https:\/\/www.worldofart.org\/arhiv.worldofart.org\/aktualno\/seminar\/voditelji-delavnic#korda\">Neven Korda<\/a><\/p>\n<hr \/>\n<p><strong>PRIJAVE<\/strong><\/p>\n<p>Cena delavnice je 25 EUR za posameznike in 35 EUR za predstavnike institucij. Kopija pla\u010dane polo\u017enice je pogoj za udele\u017ebo na delavnici. \u0160tevilo mest je omejeno na deset udele\u017eencev. <\/p>\n<p><strong>Rok za prijavo podalj\u0161an: 19. maj 2009<\/strong><\/p>\n<p>K prijavi je potrebno prilo\u017eiti:<\/p>\n<ul>\n<li>kratko biografijo in <\/li>\n<li>kratko formulacijo, zakaj se \u017eelite udele\u017eiti delavnice. <\/li>\n<\/ul>\n<p>Izpolnjeno <strong><a href=\"http:\/\/www.scca-ljubljana.si\/prijavnice\/prijavnica0809-Korda.doc\">prijavnico<\/a><\/strong> po\u0161ljite na elektronski naslov: svetumetnosti@scca-ljubljana.si ali po\u0161tni naslov ali prinesite osebno: Zavod SCCA-Ljubljana, Metelkova 6, 1000 Ljubljana.\t<\/p>\n<hr \/>\n<p><strong>KONTAKT<\/strong><\/p>\n<p>Zavod SCCA-Ljubljana (uradne ure: 11.00-13.00)<br \/>\nKontaktna oseba: Petja Grafenauer, Du\u0161an Dov\u010d<br \/>\nMetelkova 6, 1000 Ljubljana<br \/>\ntel.: (01) 431 83 85<br \/>\ne-mail: svetumetnosti@scca-ljubljana.si<\/p>\n","protected":false},"excerpt":{"rendered":"<p>Laboratorij kuratorskih praks 2008\/2009 Letnik 12 Delavnica \u0161t. 4 Od 22. 5. 2009 dalje Projektna soba SCCA, Metelkova 6, Ljubljana Rok za prijavo podalj\u0161an: 19. maj 2009 Namen delavnice je seznanitev s teorijo in prakso video eseja na podro\u010dju kulture in umetnosti. V okviru delavnice se udele\u017eenci preizkusijo v vseh fazah nastanka video eseja. Udele\u017eenci [&hellip;]<\/p>\n","protected":false},"author":1,"featured_media":13352,"comment_status":"closed","ping_status":"closed","sticky":false,"template":"","format":"standard","meta":{"footnotes":""},"categories":[25,7],"tags":[],"_links":{"self":[{"href":"https:\/\/www.worldofart.org\/arhiv.worldofart.org\/aktualno\/wp-json\/wp\/v2\/posts\/212"}],"collection":[{"href":"https:\/\/www.worldofart.org\/arhiv.worldofart.org\/aktualno\/wp-json\/wp\/v2\/posts"}],"about":[{"href":"https:\/\/www.worldofart.org\/arhiv.worldofart.org\/aktualno\/wp-json\/wp\/v2\/types\/post"}],"author":[{"embeddable":true,"href":"https:\/\/www.worldofart.org\/arhiv.worldofart.org\/aktualno\/wp-json\/wp\/v2\/users\/1"}],"replies":[{"embeddable":true,"href":"https:\/\/www.worldofart.org\/arhiv.worldofart.org\/aktualno\/wp-json\/wp\/v2\/comments?post=212"}],"version-history":[{"count":1,"href":"https:\/\/www.worldofart.org\/arhiv.worldofart.org\/aktualno\/wp-json\/wp\/v2\/posts\/212\/revisions"}],"predecessor-version":[{"id":9325,"href":"https:\/\/www.worldofart.org\/arhiv.worldofart.org\/aktualno\/wp-json\/wp\/v2\/posts\/212\/revisions\/9325"}],"wp:featuredmedia":[{"embeddable":true,"href":"https:\/\/www.worldofart.org\/arhiv.worldofart.org\/aktualno\/wp-json\/wp\/v2\/media\/13352"}],"wp:attachment":[{"href":"https:\/\/www.worldofart.org\/arhiv.worldofart.org\/aktualno\/wp-json\/wp\/v2\/media?parent=212"}],"wp:term":[{"taxonomy":"category","embeddable":true,"href":"https:\/\/www.worldofart.org\/arhiv.worldofart.org\/aktualno\/wp-json\/wp\/v2\/categories?post=212"},{"taxonomy":"post_tag","embeddable":true,"href":"https:\/\/www.worldofart.org\/arhiv.worldofart.org\/aktualno\/wp-json\/wp\/v2\/tags?post=212"}],"curies":[{"name":"wp","href":"https:\/\/api.w.org\/{rel}","templated":true}]}}