{"id":2287,"date":"2012-06-22T13:03:53","date_gmt":"2012-06-22T11:03:53","guid":{"rendered":"http:\/\/www.worldofart.org\/aktualno\/?p=2287"},"modified":"2018-06-18T22:22:03","modified_gmt":"2018-06-18T20:22:03","slug":"alenka-sottler-dober-dan","status":"publish","type":"post","link":"https:\/\/www.worldofart.org\/arhiv.worldofart.org\/aktualno\/archives\/2287","title":{"rendered":"Alenka Sottler: Dober dan"},"content":{"rendered":"<p>Kritika razstave<\/p>\n<p>Galerija Alkatraz<br \/>\n27. 04.\u201329. 05. 2012<br \/>\nKustosinji: Ana Grobler in Jadranka Plut<\/p>\n<hr \/>\n<table border=\"0\" cellspacing=\"0\" cellpadding=\"0\" width=\"100%\">\n<tbody>\n<tr>\n<td class=\"tekstlevo\" style=\"width: 70%;\" valign=\"top\">\nV Galeriji Alkatraz se je 27. 4. 2012, na 71. obletnico dneva borbe proti okupatorju in dneva, ko je bila ustanovljena Osvobodilna fronta, odprla razstava priznane slovenske ustvarjalke Alenke Sottler. Razstava <em>Dober dan<\/em> predstavlja idejno nadaljevanje cikla <em>Dobro jutro<\/em>, ki ga je avtorica predstavila v Galeriji Kibela v Mariboru. <em>Dober dan<\/em> predstavlja avtori\u010din sugestivni opomin na razvoj globalne finan\u010dne krize, umetnica pa je vse od njenega za\u010detka v letu 2008 vizualno ilustrirala spremembe, vplive in preobrazbe razvoja krize na vsakdanjost slehernega potro\u0161nika.<br \/>\n<!--more--><br \/>\nFizi\u010dna in idejna zasnova razstave<em> Dober dan <\/em>predvsem daje vtis<em> <\/em>svojevrstnega poskusa \u0161irjenja polja ilustracije kot vizualnega na\u010dina izra\u017eanja v polje raziskovanja njene avtonomnosti v odnosu do slikarstva, grafike, instalacije. Ilustracije, s katerim je avtorica poskusila kritizirati malignost sodobnega sistemskega utripa, so izdelane v grafi\u010dnih tehnikah digitalnega tiska: sitotiska z uporabo tiskalnika xerox. V osrednjem delu galerije so razstavljene ilustracije manj\u0161ega formata v formah diptiha in triptiha, medtem ko so ve\u010dji digitalni printi vklju\u010dno z digitalno zidno projekcijo zavzeli stranske pozicije prostora. Prostorska postavitev vsebuje tudi instalacijo oblikovano iz grafik naselij, natisnjenih na nakupovalne vre\u010dke trgovske znamke Hofer.<\/p>\n<p>Po skrbnem zbiranju ra\u010dunov iz razli\u010dnih trgovin je avtorica bar kode vnesla v celotni projekt kot klju\u010dni vizualni element vseh razstavljenih del na razstavi. Bar kode so eden od elementov, ki primarno asocirajo na kodifikacije, ki se konstantno dogajajo posamezniku in v sistemih, v katere je vpleten, ujet. Prostor Galerije Alkatraz tako predstavlja vhod v \u010drno beli zakodirani svet Alenkinega dojemanja kompleksnih odnosov znotraj polj umetnosti, dru\u017ebe ter odnosov, ki se vzpostavljajo v njihovem nerazdru\u017eljivem trku. Razmno\u017eevanje odtisov in dokumentiranje razpokajo\u010dih aktualnih stanj sodobnosti in mesta \u017eenskih uporabnic v potro\u0161ni\u0161ki dru\u017ebi predstavljajo klju\u010dno problematiko vsakdanjega &#8221;dobrega&#8221; dneva. Osnove grafi\u010dnega ustvarjanja, kot so razmno\u017eevanje in hitra reprodukcija, tako predstavljajo poskus odslikave delovanja samega sistema masovne produkcije, hitrega \u0161irjenja potro\u0161ni\u0161tva in (samo)reprodukcije tr\u017ene ekonomije ter neoliberalizma.<\/p>\n<p>Naklju\u010dje ali ne, razstava <em>Dober dan<\/em> postavljena na simboli\u010den datum upora slovenskega naroda proti takratnemu okupatorju, namiguje na borbo umetnice \u2013 posameznika proti svetovnemu balastu hipermno\u017ei\u010dnega utapljanja v brezkon\u010dni konzumerizem, ki predstavlja sodobnega okupatorja. Metabolizem aktualnega dru\u017ebenega telesa in njegovih procesov tako predstavljajo poskus Alenke Sottler h grajenu pozicije kriti\u010dnosti znotraj posamezne umetni\u0161ke prakse. Vpra\u0161anje, ki se zastavlja, je, \u010de je sploh mo\u017eno dose\u010di to\u010dko, v kateri bi se ustvarila avtori\u010dina te\u017enja, da umetnine postanejo simbolno sredstvo, ki nam lahko odpre pot do odgovora na sodobne diskrepance? Ali je mo\u017eno, da razstavljena dela znotraj dane postavitve v galeriji ustvarijo svojo kriti\u010dno plast in s tem razprejo emancipatorno dejanje umetnosti?<\/p>\n<p>Razstava vsekakor daje vpogled v avtori\u010dine premisleke o eksistencialni krizi sodobnega potro\u0161ni\u0161kega bitja in umetni\u0161ke identite v okvirjih ekspanzije finan\u010dne krize in razslojevanja slehernih sistemov. Hkrati daje v razmislek, ali je mo\u017eno ilustrirati masovno produkcijo, njene posledice in u\u010dinke, simbolno \u017eivljenje, realnost izven realnosti, izrabljeno misel o ujetosti. Ali ta predstavlja apologijo o tem, da v trenutnem sodobnem kontekstu razvoja dojemanja vizualnih sporo\u010dil sredstvo kritike postaja ujeto v to, ki ho\u010de kritizirati? Se mar ne zgodi, da alternacija obstoje\u010demu sistemu sama postane orodje sistema? Edino mesto, kamor se lahko zate\u010demo v Galeriji Alkatraz, je mesto, v katerem smo \u017ee.<\/p>\n<p><em>Lenka \u0110orojevi\u0107<\/em><\/p>\n<hr \/>\n<\/td>\n<td class=\"podlagaslike\" style=\"width: 30%;\" valign=\"top\"><img decoding=\"async\" src=\"https:\/\/www.worldofart.org\/arhiv.worldofart.org\/aktualno\/wp-content\/2011-13\/kritika-alenka-sottler\/alenka-sottler01.jpg\" alt=\"Sottler: Dober dan\" \/><br \/>\n<img decoding=\"async\" src=\"https:\/\/www.worldofart.org\/arhiv.worldofart.org\/aktualno\/wp-content\/2011-13\/kritika-alenka-sottler\/alenka-sottler04.jpg\" alt=\"Sottler: Dober dan\" \/><br \/>\n<img decoding=\"async\" src=\"https:\/\/www.worldofart.org\/arhiv.worldofart.org\/aktualno\/wp-content\/2011-13\/kritika-alenka-sottler\/alenka-sottler06.jpg\" alt=\"Sottler: Dober dan\" \/><br \/>\n<img decoding=\"async\" src=\"https:\/\/www.worldofart.org\/arhiv.worldofart.org\/aktualno\/wp-content\/2011-13\/kritika-alenka-sottler\/alenka-sottler07.jpg\" alt=\"Sottler: Dober dan\" \/><br \/>\n<img decoding=\"async\" src=\"https:\/\/www.worldofart.org\/arhiv.worldofart.org\/aktualno\/wp-content\/2011-13\/kritika-alenka-sottler\/alenka-sottler08.jpg\" alt=\"Sottler: Dober dan\" \/><br \/>\n<img decoding=\"async\" src=\"https:\/\/www.worldofart.org\/arhiv.worldofart.org\/aktualno\/wp-content\/2011-13\/kritika-alenka-sottler\/alenka-sottler10.jpg\" alt=\"Sottler: Dober dan\" \/><br \/>\nFoto: arhiv Galerije Alkatraz in arhiv SCCA\n<\/td>\n<\/tr>\n<\/tbody>\n<\/table>\n","protected":false},"excerpt":{"rendered":"<p>Kritika razstave Galerija Alkatraz 27. 04.\u201329. 05. 2012 Kustosinji: Ana Grobler in Jadranka Plut V Galeriji Alkatraz se je 27. 4. 2012, na 71. obletnico dneva borbe proti okupatorju in dneva, ko je bila ustanovljena Osvobodilna fronta, odprla razstava priznane slovenske ustvarjalke Alenke Sottler. Razstava Dober dan predstavlja idejno nadaljevanje cikla Dobro jutro, ki ga [&hellip;]<\/p>\n","protected":false},"author":1,"featured_media":13152,"comment_status":"closed","ping_status":"closed","sticky":false,"template":"","format":"standard","meta":{"footnotes":""},"categories":[19,23,17],"tags":[],"_links":{"self":[{"href":"https:\/\/www.worldofart.org\/arhiv.worldofart.org\/aktualno\/wp-json\/wp\/v2\/posts\/2287"}],"collection":[{"href":"https:\/\/www.worldofart.org\/arhiv.worldofart.org\/aktualno\/wp-json\/wp\/v2\/posts"}],"about":[{"href":"https:\/\/www.worldofart.org\/arhiv.worldofart.org\/aktualno\/wp-json\/wp\/v2\/types\/post"}],"author":[{"embeddable":true,"href":"https:\/\/www.worldofart.org\/arhiv.worldofart.org\/aktualno\/wp-json\/wp\/v2\/users\/1"}],"replies":[{"embeddable":true,"href":"https:\/\/www.worldofart.org\/arhiv.worldofart.org\/aktualno\/wp-json\/wp\/v2\/comments?post=2287"}],"version-history":[{"count":1,"href":"https:\/\/www.worldofart.org\/arhiv.worldofart.org\/aktualno\/wp-json\/wp\/v2\/posts\/2287\/revisions"}],"predecessor-version":[{"id":9269,"href":"https:\/\/www.worldofart.org\/arhiv.worldofart.org\/aktualno\/wp-json\/wp\/v2\/posts\/2287\/revisions\/9269"}],"wp:featuredmedia":[{"embeddable":true,"href":"https:\/\/www.worldofart.org\/arhiv.worldofart.org\/aktualno\/wp-json\/wp\/v2\/media\/13152"}],"wp:attachment":[{"href":"https:\/\/www.worldofart.org\/arhiv.worldofart.org\/aktualno\/wp-json\/wp\/v2\/media?parent=2287"}],"wp:term":[{"taxonomy":"category","embeddable":true,"href":"https:\/\/www.worldofart.org\/arhiv.worldofart.org\/aktualno\/wp-json\/wp\/v2\/categories?post=2287"},{"taxonomy":"post_tag","embeddable":true,"href":"https:\/\/www.worldofart.org\/arhiv.worldofart.org\/aktualno\/wp-json\/wp\/v2\/tags?post=2287"}],"curies":[{"name":"wp","href":"https:\/\/api.w.org\/{rel}","templated":true}]}}