{"id":4305,"date":"2013-03-25T17:28:26","date_gmt":"2013-03-25T15:28:26","guid":{"rendered":"http:\/\/www.worldofart.org\/aktualno\/?p=4305"},"modified":"2018-06-18T17:41:45","modified_gmt":"2018-06-18T15:41:45","slug":"jasna-jernejsek-miha-kelemina-lenka-dorojevic-art-area","status":"publish","type":"post","link":"https:\/\/www.worldofart.org\/arhiv.worldofart.org\/aktualno\/archives\/4305","title":{"rendered":"Jasna Jernej\u0161ek, Miha Kelemina, Lenka \u0110orojevi\u0107: Art-Area"},"content":{"rendered":"<p>Jasna Jernej\u0161ek, Miha Kelemina in Lenka \u0110orojevi\u0107 so od oktobra 2012 uredniki oddaje Art-Area na Radiu \u0160tudent. Art-Area je enourna radijska oddaja o sodobnih vizualnih in sorodnih umetnostih, ki spremlja, premleva in komentira aktualno dogajanje ter dogodke na doma\u010di in mednarodni ravni. Na sporedu je vsak drugi ponedeljek ob 20-ih. Oddaja je ena najstarej\u0161ih v kulturni redakciji Radia \u0160tudent, in hkrati edina oddaja v slovenskih ob\u010dilih, ki se dvakrat mese\u010dno poglobljeno ukvarja s sodobno umetnostjo.<br \/>\n<!--more--><br \/>\nPrispevki:<\/p>\n<ul>\n<li>JERNEJ\u0160EK, Jasna. Nepredvidljivi dogodki Anne Fabricius, intervju, Art-Area 209, Radio \u0160tudent, dosegljivo na: <a href=\"http:\/\/www.radiostudent.si\/kultura\/art-area\/art-area-209\">http:\/\/www.radiostudent.si\/kultura\/art-area\/art-area-209<\/a> (25. 02. 2013)<\/li>\n<li>JERNEJ\u0160EK, Jasna. Varuhi ptic Katje Goljat, intervju, Art-Area 208, Radio \u0160tudent, dosegljivo na: <a href=\"http:\/\/www.radiostudent.si\/kultura\/art-area\/art-area-208\">http:\/\/www.radiostudent.si\/kultura\/art-area\/art-area-208<\/a> (11. 02. 2013)<\/li>\n<li>JERNEJ\u0160EK, Jasna. Pre\u017eiveli Gorana Bertoka, intervju, Art-Area 207, Radio \u0160tudent, dosegljivo na: <a href=\"http:\/\/www.radiostudent.si\/kultura\/art-area\/art-area-207\">http:\/\/www.radiostudent.si\/kultura\/art-area\/art-area-207<\/a> (28. 01. 2013)<\/li>\n<li>JERNEJ\u0160EK, Jasna. Kamniti znaki Roberta Kusterleta, Art-Area 204, Radio \u0160tudent, dosegljivo na: <a href=\"http:\/\/www.radiostudent.si\/kultura\/art-area\/art-area-204\">http:\/\/www.radiostudent.si\/kultura\/art-area\/art-area-204<\/a> (10. 12. 2012)<\/li>\n<li>JERNEJ\u0160EK, Jasna. Spomenik izginjajo\u010di industrijski arhitekturi, refleksija opusa Bernda &amp; Hille Becher, Art-Area 203, Radio \u0160tudent, dosegljivo na: <a href=\"http:\/\/www.radiostudent.si\/kultura\/art-area\/art-area-203\">http:\/\/www.radiostudent.si\/kultura\/art-area\/art-area-203<\/a> (26. 11. 2012)<\/li>\n<li>JERNEJ\u0160EK, Jasna. Intervju s Toma\u017eem Toma\u017einom, intervju, Art-Area 202, Radio \u0160tudent,\u00a0 dosegljivo na: <a href=\"http:\/\/www.radiostudent.si\/kultura\/art-area\/art-area-202\">http:\/\/www.radiostudent.si\/kultura\/art-area\/art-area-202<\/a> (12. 11. 2012)<\/li>\n<li>JERNEJ\u0160EK, Jasna. Spiritisti\u010dna fotografija, Objekt meseca, Radio \u0160tudent, dosegljivo na: <a href=\"http:\/\/www.radiostudent.si\/kultura\/objekt-meseca\/spiritisti%C4%8Dna-fotografija\">http:\/\/www.radiostudent.si\/kultura\/objekt-meseca\/spiritisti%C4%8Dna-fotografija<\/a> (04. 11. 2012)<\/li>\n<li>JERNEJ\u0160EK, Jasna. Intervju z Manjo Vadla, intervju, Art-Area 201, Radio \u0160tudent,\u00a0 dosegljivo na: <a href=\"http:\/\/www.radiostudent.si\/kultura\/art-area\/art-area-201-manja-vadla-marija-mojca-punger%C4%8Dar-kiparstvo-danes\">http:\/\/www.radiostudent.si\/kultura\/art-area\/art-area-201-manja-vadla-marija-mojca-punger%C4%8Dar-kiparstvo-danes<\/a> (22. 10. 2012)<\/li>\n<li>JERNEJ\u0160EK, Jasna. Prej in potem, kritika razstave, Fine umetnosti, Radio \u0160tudent, dosegljivo na: <a href=\"http:\/\/www.radiostudent.si\/kultura\/fine-umetnosti\/prej-in-potem\">http:\/\/www.radiostudent.si\/kultura\/fine-umetnosti\/prej-in-potem<\/a> (08. 10. 2012)<\/li>\n<li>JERNEJ\u0160EK, Jasna. Intervju z Warrenom Niedichom, intervju, Art-Area 198, Radio \u0160tudent, dosegljivo na: <a href=\"http:\/\/www.radiostudent.si\/kultura\/art-area\/art-area-198\">http:\/\/www.radiostudent.si\/kultura\/art-area\/art-area-198<\/a> (10. 09. 2012)<\/li>\n<li>JERNEJ\u0160EK, Jasna. Intervju s Klavdijem Slubanom, intervju, Art-Area 196, Radio \u0160tudent, dosegljivo na: <a href=\"http:\/\/www.radiostudent.si\/kultura\/art-area\/art-area-196-klavdij-sluban-%C5%A1pela-petri%C4%8D-maja-smrekar\">http:\/\/www.radiostudent.si\/kultura\/art-area\/art-area-196-klavdij-sluban-%C5%A1pela-petri%C4%8D-maja-smrekar<\/a> (16. 07. 2012)<\/li>\n<li>JERNEJ\u0160EK, Jasna. Intervju s Katarzyno Majak, intervju, Art-Area 194, Radio \u0160tudent, dosegljivo na: <a href=\"http:\/\/www.radiostudent.si\/kultura\/art-area\/art-area-194\">http:\/\/www.radiostudent.si\/kultura\/art-area\/art-area-194<\/a> (11. 06. 2012)<\/li>\n<li>JERNEJ\u0160EK, Jasna. Posmrtna fotografija, Objekt meseca, Radio \u0160tudent, dosegljivo na: <a href=\"http:\/\/www.radiostudent.si\/kultura\/objekt-meseca\/posmrtna-fotografija\">http:\/\/www.radiostudent.si\/kultura\/objekt-meseca\/posmrtna-fotografija<\/a> (10. 06. 2012)<\/li>\n<li>JERNEJ\u0160EK, Jasna. Diane Arbus, recenzija razstave, Art-Area 192, Radio \u0160tudent, dosegljivo na: <a href=\"http:\/\/old.radiostudent.si\/article.php?sid=31861\">http:\/\/old.radiostudent.si\/article.php?sid=31861<\/a> (09. 05. 2012)<\/li>\n<li>JERNEJ\u0160EK, Jasna. Intervju s Pernille Koldbech Fich, intervju, Art-Area 191, Radio \u0160tudent, dosegljivo na: <a href=\"http:\/\/old.radiostudent.si\/article.php?sid=31691\">http:\/\/old.radiostudent.si\/article.php?sid=31691<\/a> (25. 04. 2012)<\/li>\n<li>JERNEJ\u0160EK, Jasna. Duba Sambolec, kritika razstave, At-Area 188, Radio \u0160tudent, dosegljivo na: <a href=\"http:\/\/old.radiostudent.si\/article.php?sid=31156\">http:\/\/old.radiostudent.si\/article.php?sid=31156<\/a> (14. 03. 2012)<\/li>\n<li>JERNEJ\u0160EK, Jasna. Boris \u0160ribar, kritika razstave, Art-Area 187, Radio \u0160tudent, dosegljivo na: <a href=\"http:\/\/old.radiostudent.si\/article.php?sid=30963\">http:\/\/old.radiostudent.si\/article.php?sid=30963<\/a> (29. 02. 2012)<\/li>\n<li>JERNEJ\u0160EK, Jasna. No Fashion, Please!, Art-Area 186, radio \u0160tudent, dosegljivo na: <a href=\"http:\/\/old.radiostudent.si\/article.php?sid=30703\">http:\/\/old.radiostudent.si\/article.php?sid=30703<\/a> (08. 02. 2012)<\/li>\n<li>JERNEJ\u0160EK, Jasna. Pri\u010devanja, recenzija razstave, Art-Area 184, Radio \u0160tudent, dosegljivo na: <a href=\"http:\/\/old.radiostudent.si\/article.php?sid=30380\">http:\/\/old.radiostudent.si\/article.php?sid=30380<\/a> (11. 01. 2012)<\/li>\n<\/ul>\n<ul>\n<li>\u0110OROJEVI\u0106, Lenka. Intervju s SBD, intervju, Art-Area 205, Radio \u0160tudent, dosegljivo na:\u00a0 <a href=\"http:\/\/www.radiostudent.si\/kultura\/art-area\/art-area-206\">http:\/\/www.radiostudent.si\/kultura\/art-area\/art-area-206<\/a> (14. 01. 2013)<\/li>\n<li>\u0110OROJEVI\u0106, Lenka. Beli sladoled, intervju, Art-Area 205, Radio \u0160tudent, dosegljivo na: <a href=\"http:\/\/www.radiostudent.si\/kultura\/art-area\/art-area-205\">http:\/\/www.radiostudent.si\/kultura\/art-area\/art-area-205<\/a> (24. 12. 2012)<\/li>\n<li>\u0110OROJEVI\u0106, Lenka. Intervju z Markom Po\u017elepom, intervju, Art-Area 199, Radio \u0160tudent, dosegljivo na: <a href=\"http:\/\/www.radiostudent.si\/kultura\/art-area\/art-area-199-bo%C5%A1tjan-jure%C4%8Di%C4%8D-mark-po%C5%BElep\">http:\/\/www.radiostudent.si\/kultura\/art-area\/art-area-199-bo%C5%A1tjan-jure%C4%8Di%C4%8D-mark-po%C5%BElep<\/a> (24. 09. 2012)<\/li>\n<li>\u0110OROJEVI\u0106, Lenka. Travme in sanje Documente (13), kritika razstave, Fine umetnosti, Radio \u0160tudent, dosegljivo na: <a href=\"http:\/\/www.radiostudent.si\/kultura\/fine-umetnosti\/travme-in-sanje-documente13\">http:\/\/www.radiostudent.si\/kultura\/fine-umetnosti\/travme-in-sanje-documente13<\/a> (13. 09. 2012)<\/li>\n<li>\u0110OROJEVI\u0106. Lenka. Intervju s Slavenom Toljom, intervju, Art-Area 195, Radio \u0160tudent, dosegljivo na: <a href=\"http:\/\/www.radiostudent.si\/kultura\/art-area\/art-area-195-slaven-tolj-medmedijske-umetnosti-v-javnem-prostoru\">http:\/\/www.radiostudent.si\/kultura\/art-area\/art-area-195-slaven-tolj-medmedijske-umetnosti-v-javnem-prostoru<\/a> (25. 06. 2012)<\/li>\n<li>\u0110OROJEVI\u0106, Lenka. Cize na pre\u017ei, kritika razstave, Fine umetnosti, Radio \u0160tudent, dosegljivo na: <a href=\"http:\/\/www.radiostudent.si\/kultura\/fine-umetnosti\/cize-na-pre%C5%BEi\">http:\/\/www.radiostudent.si\/kultura\/fine-umetnosti\/cize-na-pre%C5%BEi<\/a>\u00a0 (24. 05. 2012)<\/li>\n<li>\u0110OROJEVI\u0106, Lenka. Svetlobna gverila, intervju, Art-Area 193, Radio \u0160tudent, dosegljivo na: <a href=\"http:\/\/www.radiostudent.si\/kultura\/art-area\/svetlobna-gverila-benjaminkre%C5%BEe-jan-faber\">http:\/\/www.radiostudent.si\/kultura\/art-area\/svetlobna-gverila-benjaminkre%C5%BEe-jan-faber<\/a> (21. 05. 2012)<\/li>\n<li>\u0110OROJEVI\u0106, Lenka. Mina Fina, kritika razstave, Art-Area 190, Radio \u0160tudent, dosegljivo na: <a href=\"http:\/\/www.radiostudent.si\/kultura\/art-area\/art-area-190\">http:\/\/www.radiostudent.si\/kultura\/art-area\/art-area-190<\/a> (11. 04. 2012)<\/li>\n<li>\u0110OROJEVI\u0106, Lenka. Margareta Kern \u2013 gestikulacije, recenzija razstave, Odprti termin za kulturo, Radio \u0160tudent, dosegljivo na: <a href=\"http:\/\/www.radiostudent.si\/kultura\/odprti-termin-za-kulturo\/margareta-kern-gostikulacije\">http:\/\/www.radiostudent.si\/kultura\/odprti-termin-za-kulturo\/margareta-kern-gostikulacije<\/a> (10. 04. 2012)<\/li>\n<\/ul>\n<ul>\n<li>KELEMINA, Mihael. Intervju z Mirjano Batini\u010d in Tejko Pezdirc, intervju. Art-Area 210, Radio \u0160tudent, dosegljivo na: <a href=\"http:\/\/www.radiostudent.si\/kultura\/art-area\/art-area-210\">http:\/\/www.radiostudent.si\/kultura\/art-area\/art-area-210<\/a> (11. 03. 2013)<\/li>\n<li>KELEMINA, Mihael. Post-naravni organizmi Evropske unije, refleksija razstave, Art-Area 207, Radio \u0160tudent, dosegljivo na: <a href=\"http:\/\/www.radiostudent.si\/kultura\/art-area\/art-area-207\">http:\/\/www.radiostudent.si\/kultura\/art-area\/art-area-207<\/a> (28. 01. 2013)<\/li>\n<li>KELEMINA, Mihael. U trenu oka, Art-Area 204, Radio \u0160tudent, dosegljivo na: <a href=\"http:\/\/www.radiostudent.si\/kultura\/art-area\/art-area-204\">http:\/\/www.radiostudent.si\/kultura\/art-area\/art-area-204<\/a> (10. 12. 2012)<\/li>\n<li>KELEMINA, Mihael. Telesa brez du\u0161, Objekt meseca, Radio \u0160tudent, dosegljivo na: <a href=\"http:\/\/www.radiostudent.si\/kultura\/objekt-meseca\/telesa-brez-du%C5%A1\">http:\/\/www.radiostudent.si\/kultura\/objekt-meseca\/telesa-brez-du%C5%A1<\/a> (02. 12. 2012)<\/li>\n<li>KELEMINA, Mihael. Kraljestvo \u017eivali, refleksija razstave, Art-Area 203, Radio \u0160tudent, dosegljivo na: <a href=\"http:\/\/www.radiostudent.si\/kultura\/art-area\/art-area-203\">http:\/\/www.radiostudent.si\/kultura\/art-area\/art-area-203<\/a> (26. 11. 2012)<\/li>\n<li>KELEMINA, Mihael. Vahram Agasyan: Znamenja prihodnosti, kritika razstave, Art-Area 202, Radio \u0160tudent, dosegljivo na: <a href=\"http:\/\/www.radiostudent.si\/kultura\/art-area\/art-area-202\">http:\/\/www.radiostudent.si\/kultura\/art-area\/art-area-202<\/a> (12. 11. 2012)<\/li>\n<li>KELEMINA, Mihael. Nova renesansa in transhumanizem, recenzija razstave, Art-Area 201, Radio \u0160tudent, dosegljivo na: <a href=\"http:\/\/www.radiostudent.si\/kultura\/art-area\/art-area-201-manja-vadla-marija-mojca-punger%C4%8Dar-kiparstvo-danes\">http:\/\/www.radiostudent.si\/kultura\/art-area\/art-area-201-manja-vadla-marija-mojca-punger%C4%8Dar-kiparstvo-danes<\/a> (22. 10. 2012)<\/li>\n<li>KELEMINA, Mihael. Intervju s Tanjo Ostoji\u0107, intervju, Art-Area 194, Radio \u0160tudent, dosegljivo na: <a href=\"http:\/\/www.radiostudent.si\/kultura\/art-area\/art-area-194\">http:\/\/www.radiostudent.si\/kultura\/art-area\/art-area-194<\/a> (11. 06. 2012)<\/li>\n<li>KELEMINA, Mihael. Benjamin Kre\u017ee: Gefallener Engel, recenzija razstave, Art-Area 193, Radio \u0160tudent, dosegljivo na: <a href=\"http:\/\/www.radiostudent.si\/kultura\/art-area\/svetlobna-gverila-benjaminkre%C5%BEe-jan-faber\">http:\/\/www.radiostudent.si\/kultura\/art-area\/svetlobna-gverila-benjaminkre%C5%BEe-jan-faber<\/a> (21. 05. 2012)<\/li>\n<li>KELEMINA, Mihael. Junya Kataoka, recenzija razstave, Art-Area 190, Radio \u0160tudent, dosegljivo na: <a href=\"http:\/\/www.radiostudent.si\/kultura\/art-area\/art-area-190\">http:\/\/www.radiostudent.si\/kultura\/art-area\/art-area-190<\/a> (11. 04. 2012)<\/li>\n<li>KELEMINA, Mihael. Zvo\u010dni biotop, Za \u017eiv(al)ce v realnem \u010dasu, katalog razstave [online], dosegljivo na: <a href=\"http:\/\/www.booki.cc\/za-zivalce-v-realnem-casu\/zvocni-biotop\/\">http:\/\/www.booki.cc\/za-zivalce-v-realnem-casu\/zvocni-biotop\/<\/a> (April 2012)<\/li>\n<li>KELEMINA, Mihael. Demokrati\u010dna distribucija umetnosti, kritika razstave, Fine umetnosti, Radio \u0160tudent, dosegljivo na: <a href=\"http:\/\/www.radiostudent.si\/kultura\/fine-umetnosti\/demokrati%C4%8Dna-distribucija-umetnosti\">http:\/\/www.radiostudent.si\/kultura\/fine-umetnosti\/demokrati%C4%8Dna-distribucija-umetnosti<\/a> (05. 04. 2012)<\/li>\n<\/ul>\n","protected":false},"excerpt":{"rendered":"<p>Jasna Jernej\u0161ek, Miha Kelemina in Lenka \u0110orojevi\u0107 so od oktobra 2012 uredniki oddaje Art-Area na Radiu \u0160tudent. Art-Area je enourna radijska oddaja o sodobnih vizualnih in sorodnih umetnostih, ki spremlja, premleva in komentira aktualno dogajanje ter dogodke na doma\u010di in mednarodni ravni. Na sporedu je vsak drugi ponedeljek ob 20-ih. Oddaja je ena najstarej\u0161ih v [&hellip;]<\/p>\n","protected":false},"author":1,"featured_media":13070,"comment_status":"closed","ping_status":"closed","sticky":false,"template":"","format":"standard","meta":{"footnotes":""},"categories":[23,7,28],"tags":[],"_links":{"self":[{"href":"https:\/\/www.worldofart.org\/arhiv.worldofart.org\/aktualno\/wp-json\/wp\/v2\/posts\/4305"}],"collection":[{"href":"https:\/\/www.worldofart.org\/arhiv.worldofart.org\/aktualno\/wp-json\/wp\/v2\/posts"}],"about":[{"href":"https:\/\/www.worldofart.org\/arhiv.worldofart.org\/aktualno\/wp-json\/wp\/v2\/types\/post"}],"author":[{"embeddable":true,"href":"https:\/\/www.worldofart.org\/arhiv.worldofart.org\/aktualno\/wp-json\/wp\/v2\/users\/1"}],"replies":[{"embeddable":true,"href":"https:\/\/www.worldofart.org\/arhiv.worldofart.org\/aktualno\/wp-json\/wp\/v2\/comments?post=4305"}],"version-history":[{"count":5,"href":"https:\/\/www.worldofart.org\/arhiv.worldofart.org\/aktualno\/wp-json\/wp\/v2\/posts\/4305\/revisions"}],"predecessor-version":[{"id":9254,"href":"https:\/\/www.worldofart.org\/arhiv.worldofart.org\/aktualno\/wp-json\/wp\/v2\/posts\/4305\/revisions\/9254"}],"wp:featuredmedia":[{"embeddable":true,"href":"https:\/\/www.worldofart.org\/arhiv.worldofart.org\/aktualno\/wp-json\/wp\/v2\/media\/13070"}],"wp:attachment":[{"href":"https:\/\/www.worldofart.org\/arhiv.worldofart.org\/aktualno\/wp-json\/wp\/v2\/media?parent=4305"}],"wp:term":[{"taxonomy":"category","embeddable":true,"href":"https:\/\/www.worldofart.org\/arhiv.worldofart.org\/aktualno\/wp-json\/wp\/v2\/categories?post=4305"},{"taxonomy":"post_tag","embeddable":true,"href":"https:\/\/www.worldofart.org\/arhiv.worldofart.org\/aktualno\/wp-json\/wp\/v2\/tags?post=4305"}],"curies":[{"name":"wp","href":"https:\/\/api.w.org\/{rel}","templated":true}]}}