{"id":50,"date":"2007-01-14T21:49:01","date_gmt":"2007-01-14T20:49:01","guid":{"rendered":"http:\/\/www.worldofart.org\/aktualno\/archives\/50"},"modified":"2018-07-11T21:18:21","modified_gmt":"2018-07-11T19:18:21","slug":"delovni-vikend-v-labinu","status":"publish","type":"post","link":"https:\/\/www.worldofart.org\/arhiv.worldofart.org\/aktualno\/archives\/50","title":{"rendered":"Delovni vikend v Labinu"},"content":{"rendered":"<p>Laboratorij kuratorskih praks<br \/>\n2006\/2007<br \/>\nLetnik 10<\/p>\n<p><strong>Petek, 12. 1. \u2013 nedelja 14. 1. 2007<br \/>\n<\/strong><\/p>\n<hr \/>\n<table width=\"100%\" border=\"0\" cellspacing=\"0\" cellpadding=\"0\">\n<tr>\n<td width=\"70%\" class=\"tekstlevo\" valign=\"top\">\nOkvirni urnik delovnega vikenda:<\/p>\n<p><strong>Petek<\/strong><\/p>\n<p>09.00<br \/>\nOdhod iz Metelkove (\u010de ho\u010dete prej popiti kavico, bo pisarna odprta od 8.30 naprej) <\/p>\n<p>14.00<br \/>\nPrihod v Labin, namestitev in predstavitev Gradske galerije Labin (sre\u010danje z  umetni\u0161ko vodjo galerije Sabino Salamon)<\/p>\n<p>Kosilo <\/p>\n<p>16 &#8211; 20<br \/>\nAnaliza razstav<\/p>\n<p>20 &#8211; ?<br \/>\nVe\u010derja + spoznavanje no\u010dnega \u017eivljenja <\/p>\n<p><strong>Sobota<\/strong><\/p>\n<p>10 &#8211; 14<br \/>\nAnaliza razstav in sre\u010danje z umetnikom Alenom Flori\u010di\u010dem<\/p>\n<p>Kosilo<\/p>\n<p>16 &#8211; 20<br \/>\nAnaliza razstav<\/p>\n<p>20 &#8211; ?<br \/>\nVe\u010derja + spoznavanje no\u010dnega \u017eivljenja <\/p>\n<p><strong>Nedelja<\/strong><\/p>\n<p>11 &#8211; 14<br \/>\nAnaliza razstav<\/p>\n<p>14 &#8211; ?<br \/>\nOdhod domov<\/p>\n<hr \/>\n<p><strong>Analiza preteklih razstav SU<\/strong><\/p>\n<ul>\n<li>Mojca Puncer (<em>\u010cisto umazano, Med ognjem in umetnostjo<\/em>)<\/li>\n<li>Petja Grafenauer Krnc (<em>This art is recycled, Odprti Rog, Obiskovalci<\/em>)<\/li>\n<li>Jaka \u017deleznikar (<em>This art is recycled, Odprti Rog, Medij je oro\u017eje, vzemi ga v roke<\/em>)<\/li>\n<li>Monika Ivan\u010di\u010d (<em>Ko umetnost nabija, Medij je oro\u017eje, vzemi ga v roke, Obiskovalci<\/em>)<\/li>\n<li>Petra Kap\u0161 (<em>This art is recycled, \u010cisto umazano, Odprti rog<\/em>)<\/li>\n<li>Ivana Bago (<em>Med ognjem in umetnostjo, Ko umetnost nabija<\/em>)<\/li>\n<li>Vasja Nagy (<em>Ko umetnost nabija, Med ognjem in umetnostjo, Camera Lucida<\/em>)<\/li>\n<\/ul>\n<p><strong><br \/>\nV analizi smo se posku\u0161ali osredoto\u010dati predvsem na naslednje stvari:<\/strong><\/p>\n<ul>\n<li>dobre in \u0161ibkej\u0161e strani razstave<\/li>\n<li>sugestije: kaj bi sami \u0161e upo\u0161tevali pri izbiri umetni\u0161kih del<\/li>\n<li>kateri vidik so te\u010dajniki spregledali<\/li>\n<li>reference z ozirom na umetni\u0161ko prakso in teorijo<\/li>\n<li>analizia koncepta razstave ume\u0161\u010denost posami\u010dnih umetni\u0161kih del v dani koncept<\/li>\n<\/ul>\n<p><strong>Klju\u010dne opazke glede razstav:<\/strong><\/p>\n<ul>\n<li>prav vse razstave so vklju\u010devale vsaj eno delo, ki se ni popolnoma vklju\u010dilo v koncept razstave;<\/li>\n<li>odprto vpra\u0161anje: ali sopostavljanje del pomeni da kurator(ji) smatrajo ta dela za kvalitetno enakovredna ali sorodna?;<\/li>\n<li>odprto vpra\u0161anje: ali selekcija pomeni tudi vrednotenje &#8211; \u010de da, glede na kaj? (izbor  kvalitetnih del na izbrano temo? ali izbor teme hkrati vklju\u010duje izjavo o tem, da je ta tema za  sodobno (sedanjo) produkcijo najbolj relevantna in so dela, ki ne tematizirajo izbrane teme zato &#8216;slab\u0161a&#8217;?).<\/li>\n<\/ul>\n<p>Za labinsko odpravo lahko na splo\u0161no re\u010demo, da je bila uspe\u0161na, saj smo se na enem mestu uspeli zbrati prav vsi, ki smo udele\u017eeni v procesu Laboratorija SU in tako aktivno sodelovati v za\u010drtanem programu delovnega vikenda. Analize razstav so se je izkazala za izredno pomemben korak v delovanju laboratorija SU, saj so nam odprle nov pogled na zadeve, tako z organizacijske kot z vsebinske plati. Prese\u017eek je vsekakor bil na\u0161e poglobljeno razmi\u0161ljanje o procesih nastajanja razstav in njihovi kon\u010dni realizaciji . Izku\u0161nja je bila zelo dragocena, saj se lahko sedaj na podlagi izdvojenih \u0161ibkih in mo\u010dnih plati (do katerih smo pri\u0161li s skupinsko analizo na podlagi konkretnih izku\u0161enj!) osredoto\u010dimo na koncipiranje na\u0161ega kon\u010dnega projekta. Analiza razstav je posredno, preko debate, pokazala tudi na dolo\u010dene afinitete in na\u010din razmi\u0161ljanja posameznika, ki bo aktivno vpleten v process dela Laboratorija SU. <\/p>\n<p>Poleg dela pa seveda ne smemo pozabiti tudi na segmenta dru\u017eenja in spoznavanja, ki sta klju\u010dna za dinamiko skupine in kasnej\u0161e skupno delovanje. Dejstvo je, da se je meja med formalnim (delo) in neformalnim (dru\u017eenje in spoznavanje) delom kaj hitro zabrisala, saj sta se za\u010dela povsem prepletati in na koncu ju dejansko ni bilo ve\u010d mo\u017eno lo\u010diti.<\/p>\n<p>\u0160e enkrat se je delovna izloacija izkazala za nadvse pozitivno in koristno dejanje. Kombinacija istrskega zraka in jutranjega pogleda skozi okno apartmaja, pa je verjetno \u0161e konkretneje pripomogla k temu, da smo se udele\u017eenci delovnega vikenda le s te\u017eavo vrnili nazaj v Ljubljano. Celotno dogajanje na delovnem vikendu torej lahko strnemo v tri beside: koristno, prijetno in zanimivo.\n<\/td>\n<td width=\"30%\" class=\"podlagaslike\" valign=\"top\">\n<img decoding=\"async\" src=\"https:\/\/www.worldofart.org\/arhiv.worldofart.org\/aktualno\/wp-content\/2007\/labin\/labin1.jpg\" alt=\"Delovni vikend v Labinu\" \/><br \/>\n<img decoding=\"async\" src=\"https:\/\/www.worldofart.org\/arhiv.worldofart.org\/aktualno\/wp-content\/2007\/labin\/labin2.jpg\" alt=\"Delovni vikend v Labinu\" \/><br \/>\n<img decoding=\"async\" src=\"https:\/\/www.worldofart.org\/arhiv.worldofart.org\/aktualno\/wp-content\/2007\/labin\/labin3.jpg\" alt=\"Delovni vikend v Labinu\" \/><br \/>\n<img decoding=\"async\" src=\"https:\/\/www.worldofart.org\/arhiv.worldofart.org\/aktualno\/wp-content\/2007\/labin\/labin4.jpg\" alt=\"Delovni vikend v Labinu\" \/><br \/>\n<img decoding=\"async\" src=\"https:\/\/www.worldofart.org\/arhiv.worldofart.org\/aktualno\/wp-content\/2007\/labin\/labin5.jpg\" alt=\"Delovni vikend v Labinu\" \/><br \/>\n<img decoding=\"async\" src=\"https:\/\/www.worldofart.org\/arhiv.worldofart.org\/aktualno\/wp-content\/2007\/labin\/labin6.jpg\" alt=\"Delovni vikend v Labinu\" \/><br \/>\n<img decoding=\"async\" src=\"https:\/\/www.worldofart.org\/arhiv.worldofart.org\/aktualno\/wp-content\/2007\/labin\/labin7.jpg\" alt=\"Delovni vikend v Labinu\" \/><br \/>\n<img decoding=\"async\" src=\"https:\/\/www.worldofart.org\/arhiv.worldofart.org\/aktualno\/wp-content\/2007\/labin\/labin8.jpg\" alt=\"Delovni vikend v Labinu\" \/><br \/>\n<img decoding=\"async\" src=\"https:\/\/www.worldofart.org\/arhiv.worldofart.org\/aktualno\/wp-content\/2007\/labin\/labin9.jpg\" alt=\"Delovni vikend v Labinu\" \/><\/p>\n<\/td>\n<\/tr>\n<\/table>\n","protected":false},"excerpt":{"rendered":"<p>Laboratorij kuratorskih praks 2006\/2007 Letnik 10 Petek, 12. 1. \u2013 nedelja 14. 1. 2007 Okvirni urnik delovnega vikenda: Petek 09.00 Odhod iz Metelkove (\u010de ho\u010dete prej popiti kavico, bo pisarna odprta od 8.30 naprej) 14.00 Prihod v Labin, namestitev in predstavitev Gradske galerije Labin (sre\u010danje z umetni\u0161ko vodjo galerije Sabino Salamon) Kosilo 16 &#8211; 20 [&hellip;]<\/p>\n","protected":false},"author":1,"featured_media":13399,"comment_status":"closed","ping_status":"closed","sticky":false,"template":"","format":"standard","meta":{"footnotes":""},"categories":[27,17],"tags":[],"_links":{"self":[{"href":"https:\/\/www.worldofart.org\/arhiv.worldofart.org\/aktualno\/wp-json\/wp\/v2\/posts\/50"}],"collection":[{"href":"https:\/\/www.worldofart.org\/arhiv.worldofart.org\/aktualno\/wp-json\/wp\/v2\/posts"}],"about":[{"href":"https:\/\/www.worldofart.org\/arhiv.worldofart.org\/aktualno\/wp-json\/wp\/v2\/types\/post"}],"author":[{"embeddable":true,"href":"https:\/\/www.worldofart.org\/arhiv.worldofart.org\/aktualno\/wp-json\/wp\/v2\/users\/1"}],"replies":[{"embeddable":true,"href":"https:\/\/www.worldofart.org\/arhiv.worldofart.org\/aktualno\/wp-json\/wp\/v2\/comments?post=50"}],"version-history":[{"count":1,"href":"https:\/\/www.worldofart.org\/arhiv.worldofart.org\/aktualno\/wp-json\/wp\/v2\/posts\/50\/revisions"}],"predecessor-version":[{"id":9416,"href":"https:\/\/www.worldofart.org\/arhiv.worldofart.org\/aktualno\/wp-json\/wp\/v2\/posts\/50\/revisions\/9416"}],"wp:featuredmedia":[{"embeddable":true,"href":"https:\/\/www.worldofart.org\/arhiv.worldofart.org\/aktualno\/wp-json\/wp\/v2\/media\/13399"}],"wp:attachment":[{"href":"https:\/\/www.worldofart.org\/arhiv.worldofart.org\/aktualno\/wp-json\/wp\/v2\/media?parent=50"}],"wp:term":[{"taxonomy":"category","embeddable":true,"href":"https:\/\/www.worldofart.org\/arhiv.worldofart.org\/aktualno\/wp-json\/wp\/v2\/categories?post=50"},{"taxonomy":"post_tag","embeddable":true,"href":"https:\/\/www.worldofart.org\/arhiv.worldofart.org\/aktualno\/wp-json\/wp\/v2\/tags?post=50"}],"curies":[{"name":"wp","href":"https:\/\/api.w.org\/{rel}","templated":true}]}}