{"id":843,"date":"2011-07-25T11:07:06","date_gmt":"2011-07-25T09:07:06","guid":{"rendered":"http:\/\/www.worldofart.org\/aktualno\/?p=843"},"modified":"2018-06-18T20:21:42","modified_gmt":"2018-06-18T18:21:42","slug":"institucionalni-in-ideoloski-operativni-okvir-transnacionalnih-umetniskih-dogodkov","status":"publish","type":"post","link":"https:\/\/www.worldofart.org\/arhiv.worldofart.org\/aktualno\/archives\/843","title":{"rendered":"Institucionalni in ideolo\u0161ki operativni okvir transnacionalnih umetni\u0161kih dogodkov"},"content":{"rendered":"<p><strong>(The institutional and ideological operation of transnational art events)<\/strong><\/p>\n<p><strong>25. 7.\u20134. 8. 2011<\/strong><br \/>\nErevan, Armenija<\/p>\n<hr \/>\n<p><img loading=\"lazy\" decoding=\"async\" src=\"http:\/\/www.scca-ljubljana.si\/arhiv\/foto450\/naac-armenia-event.JPG\" alt=\"Erevan, Armenija\" width=\"450\" height=\"308\" \/><\/p>\n<p>Poletna kuratorska \u0161ola v Erevanu, ki jo od leta 2006 pripravlja <strong><a href=\"http:\/\/www.naac.am\/html\/htmeng\/indexeng.htm\" target=\"_blank\" rel=\"noopener\">Zdru\u017eenje armenskih likovnih kritikov (NAAC)<\/a><\/strong>, bo v okviru serije predavanj, seminarjev in delavnic ponovno zdru\u017eila kuratorje iz biv\u0161ih republik Sovjetske zveze, Vzhodne Evrope in Evropske unije ter Bli\u017enjega vzhoda. Program te\u017ei k produkciji kriti\u010dnega znanja, sodelovanja in mre\u017eenja. Obenem raziskuje in razvija alternativne metode in modele izobra\u017eevanja na podro\u010dju sodobne umetnosti.<\/p>\n<p><strong>Svet umetnosti, \u0161ola za sodobno umetnost<\/strong> aktivno sooblikuje vsebino in format \u0161ole \u017ee od samega za\u010detka, ko je bil Svet umetnosti kot edinstven v \u0161ir\u0161i regiji na podlagi svojih dolgoletnih izku\u0161enj na podro\u010dju izobra\u017eevanja v sodobni umetnosti povabljen k sodelovanju.<br \/>\nMed povabljenimi predavatelji in mentorji so med drugimi <strong>Mi\u0161ko \u0160uvakovi\u0107<\/strong>, teoretik, kurator, umetnik in pisec iz Beograda, <strong>Beatrice von Bismarck<\/strong>, kuratorica in profesorica umetnostne zgodovine in vizualnih \u0161tudij iz Leipziga, <strong>Sarah Rifky<\/strong>, kuratorica iz Egipta, kuratorski kolektiv <strong>WHW<\/strong> iz Zagreba, <strong>Bassem El Baroni<\/strong>, kurator in pisec iz Aleksandrije in mnogi drugi.<\/p>\n<p><strong>Sa\u0161a Nabergoj<\/strong>, pomo\u010dnica direktorice SCCA-Ljubljana in vodja Sveta umetnosti, bo v okviru leto\u0161njega programa nadaljevala serijo predavanj, s katerimi raziskuje ekonomske, politi\u010dne in sociolo\u0161ke razloge za razvoj negativne konotacije lenobe in razmi\u0161ljala o redefinicija pojma in vzpostavitvi alternativnega pogleda, ki (bi) lahko nujo po (multi)produkciji preobrnil v svobodo za produkcijo.<br \/>\nModerirala bo tudi debato o institucionalnem okviru transnacionalnih umetni\u0161kih dogodkov.<\/p>\n<p><strong><a href=\"http:\/\/www.naac.am\/html\/htmeng\/indexeng.htm\" target=\"_blank\" rel=\"noopener\">PROGRAM POLETNE \u0160OLE<\/a><\/strong><\/p>\n<p>Poletna kuratorska \u0161ola v Erevanu je rezultat sodelovanja Zdru\u017eenja armenskih likovnih kritikov (NAAC) z Zavodom SCCA-Ljubljana, Sorosovim centrom za sodobno umetnost iz Almatyja (Kazahstan) in istanbulskim BM Contemporary Art Centrom.<\/p>\n","protected":false},"excerpt":{"rendered":"<p>(The institutional and ideological operation of transnational art events) 25. 7.\u20134. 8. 2011 Erevan, Armenija Poletna kuratorska \u0161ola v Erevanu, ki jo od leta 2006 pripravlja Zdru\u017eenje armenskih likovnih kritikov (NAAC), bo v okviru serije predavanj, seminarjev in delavnic ponovno zdru\u017eila kuratorje iz biv\u0161ih republik Sovjetske zveze, Vzhodne Evrope in Evropske unije ter Bli\u017enjega vzhoda. [&hellip;]<\/p>\n","protected":false},"author":1,"featured_media":13098,"comment_status":"closed","ping_status":"closed","sticky":false,"template":"","format":"standard","meta":{"footnotes":""},"categories":[24,7],"tags":[],"_links":{"self":[{"href":"https:\/\/www.worldofart.org\/arhiv.worldofart.org\/aktualno\/wp-json\/wp\/v2\/posts\/843"}],"collection":[{"href":"https:\/\/www.worldofart.org\/arhiv.worldofart.org\/aktualno\/wp-json\/wp\/v2\/posts"}],"about":[{"href":"https:\/\/www.worldofart.org\/arhiv.worldofart.org\/aktualno\/wp-json\/wp\/v2\/types\/post"}],"author":[{"embeddable":true,"href":"https:\/\/www.worldofart.org\/arhiv.worldofart.org\/aktualno\/wp-json\/wp\/v2\/users\/1"}],"replies":[{"embeddable":true,"href":"https:\/\/www.worldofart.org\/arhiv.worldofart.org\/aktualno\/wp-json\/wp\/v2\/comments?post=843"}],"version-history":[{"count":2,"href":"https:\/\/www.worldofart.org\/arhiv.worldofart.org\/aktualno\/wp-json\/wp\/v2\/posts\/843\/revisions"}],"predecessor-version":[{"id":13097,"href":"https:\/\/www.worldofart.org\/arhiv.worldofart.org\/aktualno\/wp-json\/wp\/v2\/posts\/843\/revisions\/13097"}],"wp:featuredmedia":[{"embeddable":true,"href":"https:\/\/www.worldofart.org\/arhiv.worldofart.org\/aktualno\/wp-json\/wp\/v2\/media\/13098"}],"wp:attachment":[{"href":"https:\/\/www.worldofart.org\/arhiv.worldofart.org\/aktualno\/wp-json\/wp\/v2\/media?parent=843"}],"wp:term":[{"taxonomy":"category","embeddable":true,"href":"https:\/\/www.worldofart.org\/arhiv.worldofart.org\/aktualno\/wp-json\/wp\/v2\/categories?post=843"},{"taxonomy":"post_tag","embeddable":true,"href":"https:\/\/www.worldofart.org\/arhiv.worldofart.org\/aktualno\/wp-json\/wp\/v2\/tags?post=843"}],"curies":[{"name":"wp","href":"https:\/\/api.w.org\/{rel}","templated":true}]}}