{"id":4092,"date":"2017-05-02T19:45:48","date_gmt":"2017-05-02T17:45:48","guid":{"rendered":"http:\/\/www.worldofart.org\/current\/?p=4092"},"modified":"2020-08-19T18:42:35","modified_gmt":"2020-08-19T16:42:35","slug":"re-exhibition-on-the-occasion-of-the-twentieth-anniversary-of-the-world-of-art-school-for-curatorial-practices-and-critical-writing","status":"publish","type":"post","link":"https:\/\/www.worldofart.org\/arhiv.worldofart.org\/current\/archives\/4092","title":{"rendered":"Twenty Years of World of Art, School for Curatorial Practices and Critical Writing"},"content":{"rendered":"<p>World of Art | School for Curatorial Practices and Critical Writing | Year 16<\/p>\n<hr \/>\n<p><strong>9 \u2013 26 May 2017<\/strong><br \/>\n<strong>Opening: Tuesday, 9 May 2017, at 8 pm<\/strong><br \/>\n\u0160kuc Gallery, Stari trg 21, Ljubljana<\/p>\n<hr \/>\n<p>Artists:<strong> Rene Rusjan, Bla\u017e Miklav\u010di\u010d<\/strong><\/p>\n<p>Curators:<strong> Lenka \u0110orojevi\u0107, Miha Kelemina<\/strong><br \/>\nAssistant:<strong> Lara Plav\u010dak<\/strong><\/p>\n<p>The exhibition was prepared and realized with the help of the participants of the World of Art School, Year 16:<strong> Ur\u0161ka Aplinc, \u017diva Brglez, Maja Burja, Anabel Karolyn \u010cernohorski, Magdalena Germek, Anja Guid, Nika Ham, Ajda Ana Kocutar, Iza Pevec, Adrijan Praznik, Nina Tepe\u0161<\/strong><strong>.<\/strong><\/p>\n<hr \/>\n<p><a href=\"https:\/\/www.worldofart.org\/arhiv.worldofart.org\/current\/wp-content\/uploads\/2017\/05\/cover-re_eng.jpg\" rel=\"lightbox[4092]\"><img loading=\"lazy\" decoding=\"async\" class=\" wp-image-4201 alignnone\" src=\"https:\/\/www.worldofart.org\/arhiv.worldofart.org\/current\/wp-content\/uploads\/2017\/05\/cover-re_eng-300x200.jpg\" alt=\"\" width=\"737\" height=\"491\" srcset=\"https:\/\/www.worldofart.org\/arhiv.worldofart.org\/current\/wp-content\/uploads\/2017\/05\/cover-re_eng-300x200.jpg 300w, https:\/\/www.worldofart.org\/arhiv.worldofart.org\/current\/wp-content\/uploads\/2017\/05\/cover-re_eng-768x513.jpg 768w, https:\/\/www.worldofart.org\/arhiv.worldofart.org\/current\/wp-content\/uploads\/2017\/05\/cover-re_eng.jpg 1000w\" sizes=\"auto, (max-width: 737px) 100vw, 737px\" \/><\/a><\/p>\n<p><strong>You are kindly invited to attend the opening of the exhibition <em>re-<\/em>, an exhibition <\/strong>on the occasion of the twentieth anniversary of the <em>World of Art<\/em><em>, <\/em>School for Curatorial Practices and Critical Writing, <strong>on Tuesday, 9 May, at 8 pm in \u0160kuc Gallery.<\/strong><\/p>\n<p><!--more-->The World of Art School started in 1996\/97, at the same time as some other formal and informal international education programmes. It was conceived as a series of lectures on contemporary art and as a course running over several months, which made it possible for the participants to conceive and under the mentorship prepare an exhibition of contemporary art. Ever since its inception, the school, the successor to the course, has been characterised by its flexibility and responsiveness to the needs of each particular generation.<\/p>\n<p>The exhibition situates the material and the artworks in different temporally scattered relations while their juxtaposition is meant to encourage a consideration of their content-related and material nodes.<\/p>\n<p>The prefix <em>re-<\/em>, which acts as the title of this exhibition, may originally denote a return to the past, but, at the same time, it also connotes encompassing and transforming everything that is a matter of the past into a matter of the future.<\/p>\n<p><strong><a href=\"https:\/\/www.worldofart.org\/arhiv.worldofart.org\/current\/16th-season-2016-2018\/re-exhibition\">MORE ABOUT THE EXHIBITION<\/a><\/strong><\/p>\n<hr \/>\n<p><strong>Accompanying events<\/strong><\/p>\n<p>\u2013 guided tour of the exhibition on Wednesday, 24 May, at 6 pm.<\/p>\n<hr \/>\n<p><strong>Production:<\/strong> <a href=\"http:\/\/www.scca-ljubljana.si\/indexengl.htm\" target=\"_blank\" rel=\"noopener noreferrer\">SCCA\u2013Ljubljana<\/a> \/ School for Curatorial Practices and Critical Writing<\/p>\n<p><strong>Coproduction<\/strong>: <a href=\"http:\/\/www.galerijaskuc.si\/\" target=\"_blank\" rel=\"noopener noreferrer\">\u0160kuc Gallery<\/a><br \/>\n<strong>Exhibition is supported by<\/strong>: Municipality of Ljubljana \u2013 Department for Culture, Ministry of Culture of Republic of Slovenia<br \/>\n<strong>Sponsor<\/strong>: <a href=\"https:\/\/www.apcom.si\/posts.aspx?pageid=1\" target=\"_blank\" rel=\"noopener noreferrer\">Apcom, d. o. o.<\/a><\/p>\n<p><strong>Acknowledgements:<\/strong> Ida Hir\u0161enfelder (MG+MSUM, Mre\u017eni muzej), Bojan Stefanovi\u0107, CONA | institute for contemporary arts processing, National Gallery<\/p>\n<p><a href=\"https:\/\/www.worldofart.org\/arhiv.worldofart.org\/current\/wp-content\/uploads\/2017\/05\/logoti_re-.jpg\" rel=\"lightbox[4087]\"><img loading=\"lazy\" decoding=\"async\" class=\" wp-image-4088 alignnone\" src=\"https:\/\/www.worldofart.org\/arhiv.worldofart.org\/current\/wp-content\/uploads\/2017\/05\/logoti_re--300x55.jpg\" sizes=\"auto, (max-width: 464px) 100vw, 464px\" srcset=\"https:\/\/www.worldofart.org\/arhiv.worldofart.org\/current\/wp-content\/uploads\/2017\/05\/logoti_re--300x55.jpg 300w, https:\/\/www.worldofart.org\/arhiv.worldofart.org\/current\/wp-content\/uploads\/2017\/05\/logoti_re-.jpg 450w\" alt=\"\" width=\"464\" height=\"85\" \/><\/a><\/p>\n","protected":false},"excerpt":{"rendered":"<p>Exhibition on the occasion of the twentieth anniversary of the World of Art, School for Curatorial Practices.<\/p>\n","protected":false},"author":1,"featured_media":4201,"comment_status":"closed","ping_status":"closed","sticky":false,"template":"","format":"standard","meta":{"footnotes":""},"categories":[24,10,22],"tags":[],"class_list":["post-4092","post","type-post","status-publish","format-standard","has-post-thumbnail","hentry","category-focus","category-news","category-year-16"],"_links":{"self":[{"href":"https:\/\/www.worldofart.org\/arhiv.worldofart.org\/current\/wp-json\/wp\/v2\/posts\/4092","targetHints":{"allow":["GET"]}}],"collection":[{"href":"https:\/\/www.worldofart.org\/arhiv.worldofart.org\/current\/wp-json\/wp\/v2\/posts"}],"about":[{"href":"https:\/\/www.worldofart.org\/arhiv.worldofart.org\/current\/wp-json\/wp\/v2\/types\/post"}],"author":[{"embeddable":true,"href":"https:\/\/www.worldofart.org\/arhiv.worldofart.org\/current\/wp-json\/wp\/v2\/users\/1"}],"replies":[{"embeddable":true,"href":"https:\/\/www.worldofart.org\/arhiv.worldofart.org\/current\/wp-json\/wp\/v2\/comments?post=4092"}],"version-history":[{"count":13,"href":"https:\/\/www.worldofart.org\/arhiv.worldofart.org\/current\/wp-json\/wp\/v2\/posts\/4092\/revisions"}],"predecessor-version":[{"id":6208,"href":"https:\/\/www.worldofart.org\/arhiv.worldofart.org\/current\/wp-json\/wp\/v2\/posts\/4092\/revisions\/6208"}],"wp:featuredmedia":[{"embeddable":true,"href":"https:\/\/www.worldofart.org\/arhiv.worldofart.org\/current\/wp-json\/wp\/v2\/media\/4201"}],"wp:attachment":[{"href":"https:\/\/www.worldofart.org\/arhiv.worldofart.org\/current\/wp-json\/wp\/v2\/media?parent=4092"}],"wp:term":[{"taxonomy":"category","embeddable":true,"href":"https:\/\/www.worldofart.org\/arhiv.worldofart.org\/current\/wp-json\/wp\/v2\/categories?post=4092"},{"taxonomy":"post_tag","embeddable":true,"href":"https:\/\/www.worldofart.org\/arhiv.worldofart.org\/current\/wp-json\/wp\/v2\/tags?post=4092"}],"curies":[{"name":"wp","href":"https:\/\/api.w.org\/{rel}","templated":true}]}}